{"id":955,"date":"2025-07-23T15:16:43","date_gmt":"2025-07-23T12:16:43","guid":{"rendered":"https:\/\/wiki.voka.io\/diseases\/uncategorized\/cervicite\/"},"modified":"2025-07-24T12:58:38","modified_gmt":"2025-07-24T09:58:38","slug":"cervicite","status":"publish","type":"diseases_post","link":"https:\/\/wiki.voka.io\/pt\/doencas\/ginecologicas\/cervicite\/","title":{"rendered":"Cervicite: etiologia, Sintomatologia, diagn\u00f3stico, tratamento"},"content":{"rendered":"<p><strong>A cervicite<\/strong> \u00e9 uma s\u00edndrome cl\u00ednica caracterizada por uma inflama\u00e7\u00e3o do epit\u00e9lio cervical.<\/p>\n<p>Distinguem-se as formas <strong>aguda<\/strong> e <strong>cr\u00f3nica<\/strong>, sendo que a cervicite aguda tem causas infecciosas, enquanto a cr\u00f3nica \u00e9 causada predominantemente por fontes n\u00e3o infecciosas.<\/p>\n<figure class=\"wp-block-image size-large\"><img decoding=\"async\" src=\"https:\/\/storage.googleapis.com\/dev_wiki_voka_io_303011\/articles\/en\/gynecology\/cervicitis\/diffuse-endocervicitis.webp\" alt=\"Endocervicite difusa\"><figcaption class=\"wp-element-caption\">Endocervicite difusa \u2013 <a href=\"https:\/\/catalog.voka.io\/en\/models\/90b91890-b37e-4be0-a70a-ad98300beb70\/619b9a50-0e07-4d50-b3e7-af04da9078c7\/5d388087-b3d3-4761-b5d3-1d23aa342a5c\/09244747-e642-48f2-a0d7-bdf96593375f\" target=\"_blank\" rel=\"noreferrer noopener nofollow\">Modelo 3D<\/a><\/figcaption><\/figure>\n<p>A preval\u00eancia exacta da cervicite \u00e9 dif\u00edcil de determinar devido \u00e0 falta de crit\u00e9rios de diagn\u00f3stico normalizados. Uma vez que a atividade sexual \u00e9 um fator de risco importante para as doen\u00e7as infecciosas, a incid\u00eancia mais elevada encontra-se em mulheres sexualmente activas entre os 15 e os 24 anos de idade. <\/p>\n<h2 class=\"wp-block-heading\" id=\"etiologia-da-cervicite\"><strong>Etiologia da cervicite<\/strong><\/h2>\n<p>De acordo com a etiologia, a cervicite pode ser dividida em <strong>infecciosa<\/strong> e <strong>n\u00e3o infecciosa<\/strong>.<\/p>\n<p><strong>Os agentes infecciosos<\/strong> incluem:<\/p>\n<ul class=\"wp-block-list\">\n<li><em>Neisseria gonorrhoea<\/em>;<\/li>\n<li><em>Chlamydia trachomatis<\/em>;<\/li>\n<li>V\u00edrus do herpes simplex (HSV);<\/li>\n<li><em>Trichomonas vaginalis<\/em>;<\/li>\n<li><em>Mycoplasma genitalium<\/em>.<\/li>\n<\/ul>\n<p><em>A Neisseria gonorrhoea<\/em> e <em>a Chlamydia trachomatis<\/em> infectam predominantemente o epit\u00e9lio prism\u00e1tico do endoc\u00e9rvix, enquanto o HPV e as tricomonas infectam o epit\u00e9lio escamoso do ectoc\u00e9rvix. <strong>A vaginose bacteriana<\/strong> tamb\u00e9m est\u00e1 associada \u00e0 cervicite.<\/p>\n<p><strong>As causas n\u00e3o infecciosas da<\/strong> cervicite incluem:<\/p>\n<ul class=\"wp-block-list\">\n<li><strong>Irritantes mec\u00e2nicos<\/strong>: instrumentos cir\u00fargicos ou objectos estranhos como pess\u00e1rios, diafragmas, tamp\u00f5es cervicais, tamp\u00f5es e preservativos que podem causar traumas mec\u00e2nicos;<\/li>\n<li><strong>Os irritantes qu\u00edmicos causam reac\u00e7\u00f5es al\u00e9rgicas e incluem sab\u00f5es, detergentes<\/strong> para a roupa, espermicidas, l\u00e1tex e sprays vaginais;<\/li>\n<li><strong>As doen\u00e7as inflamat\u00f3rias sist\u00e9micas<\/strong>, como o l\u00edquen plano escamoso vermelho e a s\u00edndrome de Beh\u00e7et, tamb\u00e9m podem causar cervicite;<\/li>\n<li>O <strong>estado hipoestrog\u00e9nico<\/strong> observado na menopausa natural ou cir\u00fargica pode imitar a cervicite. Ocorre devido \u00e0 atrofia da mucosa vaginal e uterina. <\/li>\n<\/ul>\n<p>\u00c9 de salientar que, na maioria dos casos, n\u00e3o \u00e9 poss\u00edvel estabelecer a etiologia exacta. \u00c9 clinicamente imposs\u00edvel distinguir a inflama\u00e7\u00e3o causada por est\u00edmulos mec\u00e2nicos ou qu\u00edmicos da inflama\u00e7\u00e3o causada por etiologia infecciosa. <\/p>\n<h2 class=\"wp-block-heading\" id=\"manifestacoes-clinicas-da-cervicite\"><strong>Manifesta\u00e7\u00f5es cl\u00ednicas da cervicite<\/strong><\/h2>\n<figure class=\"wp-block-image size-large\"><img decoding=\"async\" src=\"https:\/\/storage.googleapis.com\/dev_wiki_voka_io_303011\/articles\/en\/gynecology\/cervicitis\/cervix-uterus-endocervicitis.webp\" alt=\"Colo do \u00fatero: endocervicite\"><figcaption class=\"wp-element-caption\">Colo do \u00fatero: endocervicite \u2013 <a href=\"https:\/\/catalog.voka.io\/en\/models\/90b91890-b37e-4be0-a70a-ad98300beb70\/619b9a50-0e07-4d50-b3e7-af04da9078c7\/5d388087-b3d3-4761-b5d3-1d23aa342a5c\/43f1310f-76e3-45a4-9d1e-98cbf5fca936\" target=\"_blank\" rel=\"noreferrer noopener nofollow\">Modelo 3D<\/a><\/figcaption><\/figure>\n<p>As doentes apresentam queixas n\u00e3o espec\u00edficas, incluindo <strong>corrimento mucoso purulento ou purulento<\/strong> da vagina e <strong>hemorragia intermenstrual ou p\u00f3s-coital<\/strong>. As doentes tamb\u00e9m podem apresentar <strong>dispareunia<\/strong> ou <strong>dores de pux\u00e3o na parte inferior do abd\u00f3men<\/strong>. <\/p>\n<h2 class=\"wp-block-heading\" id=\"recolha-do-historial\"><strong>Recolha do historial<\/strong><\/h2>\n<p>A recolha do historial sexual desempenha um papel importante na identifica\u00e7\u00e3o dos factores de risco. Todas as mulheres, independentemente dos sintomas, que v\u00eam para um check-up devem ser questionadas sobre a sua hist\u00f3ria sexual em pormenor, utilizando cinco pontos-chave: <\/p>\n<ul class=\"wp-block-list\">\n<li>Parceiros;<\/li>\n<li>Pratica;<\/li>\n<li>Preven\u00e7\u00e3o da gravidez;<\/li>\n<li>Prote\u00e7\u00e3o contra as ISTs;<\/li>\n<li>Anterior ISTs.<\/li>\n<\/ul>\n<h2 class=\"wp-block-heading\" id=\"exame-ginecologico\"><strong>Exame ginecol\u00f3gico<\/strong><\/h2>\n<figure class=\"wp-block-image size-large\"><img decoding=\"async\" src=\"https:\/\/storage.googleapis.com\/dev_wiki_voka_io_303011\/articles\/en\/gynecology\/cervicitis\/diffuse-exocervicitis.webp\" alt=\"Colo do \u00fatero: exocervicite difusa\"><figcaption class=\"wp-element-caption\">Colo do \u00fatero: exocervicite difusa \u2013 <a href=\"https:\/\/catalog.voka.io\/en\/models\/90b91890-b37e-4be0-a70a-ad98300beb70\/619b9a50-0e07-4d50-b3e7-af04da9078c7\/afd0c737-8eee-4f81-a4bb-9607f02d6146\/dfeba318-3814-4e39-8258-d08ea3dfc4db\" target=\"_blank\" rel=\"noreferrer noopener nofollow\">Modelo 3D<\/a><\/figcaption><\/figure>\n<p>Os <strong>sinais cl\u00e1ssicos<\/strong> s\u00e3o um corrimento amarelo ou mucoso da faringe e uma ligeira hemorragia de contacto da endoc\u00e9rvix quando tocada com um aplicador de algod\u00e3o. Tamb\u00e9m pode ocorrer hiperemia da mucosa. <\/p>\n<figure class=\"wp-block-video\" id=\"animacao-3d-cervicite-nao-especifica\"><video controls><source data-src=\"https:\/\/storage.googleapis.com\/dev_wiki_voka_io_303011\/articles\/en\/gynecology\/cervicitis\/nonspecific-cervicitis.webm\" type=\"video\/webm\"><\/source><\/video><figcaption class=\"wp-element-caption\">Anima\u00e7\u00e3o 3D \u2013 Cervicite n\u00e3o espec\u00edfica<\/figcaption><\/figure>\n<p>Al\u00e9m disso, <strong>as hemorragias pontuais<\/strong> vis\u00edveis no exoc\u00e9rvix (o chamado strawberry cervix) indicam uma infe\u00e7\u00e3o por tricomonas e <strong>as ves\u00edculas<\/strong> e <strong>\u00falceras<\/strong> indicam uma infe\u00e7\u00e3o por HPV. Muitas mulheres s\u00e3o assintom\u00e1ticas com <strong>cervicite por micoplasma<\/strong>, pelo que esta infe\u00e7\u00e3o passa frequentemente despercebida. <\/p>\n<p>Deve suspeitar-se de <strong>les\u00f5es genitais internas<\/strong> se:<\/p>\n<ul class=\"wp-block-list\">\n<li>Temperatura elevada;<\/li>\n<li>Dor no exame bimanual;<\/li>\n<li>Dores ao movimentar o colo do \u00fatero.<\/li>\n<\/ul>\n<h2 class=\"wp-block-heading\" id=\"diagnostico-da-cervicite\"><strong>Diagn\u00f3stico da cervicite<\/strong><\/h2>\n<p>A <strong>investiga\u00e7\u00e3o inicial<\/strong> tem como objetivo identificar o agente causador. O teste mais sens\u00edvel e espec\u00edfico \u00e9 o <strong>teste de amplifica\u00e7\u00e3o de \u00e1cidos nucleicos (NAAT)<\/strong>. Este <strong>teste NAAT<\/strong> pode ser efectuado em amostras de secre\u00e7\u00f5es endocervicais e vaginais, bem como de urina.  <\/p>\n<p><strong>Os crit\u00e9rios para a utiliza\u00e7\u00e3o de uma contagem elevada de leuc\u00f3citos<\/strong> na colora\u00e7\u00e3o de Gram de material endocervical para o diagn\u00f3stico de cervicite n\u00e3o foram normalizados. Este m\u00e9todo tem uma sensibilidade baixa e um valor preditivo positivo baixo. <\/p>\n<p><strong>M\u00e9todos de diagn\u00f3stico da cervicite<\/strong><\/p>\n<figure class=\"wp-block-table table-to-cards\">\n<table>\n<thead>\n<tr>\n<th class=\"has-text-align-center\" data-align=\"center\"><strong>Amostra<\/strong><\/th>\n<th class=\"has-text-align-center\" data-align=\"center\"><strong>Teste<\/strong><\/th>\n<th class=\"has-text-align-center\" data-align=\"center\"><strong>Conclus\u00e3o<\/strong><\/th>\n<\/tr>\n<\/thead>\n<tbody>\n<tr>\n<td class=\"has-text-align-center\" data-align=\"center\">Esfrega\u00e7o endocervical<\/td>\n<td class=\"has-text-align-center\" data-align=\"center\">Chlamydia e gonorreia NAAT<\/td>\n<td class=\"has-text-align-center\" data-align=\"center\">Positivo \u2013 <em>Chlamydia trachomatis<\/em> confirmada e <br \/><em>Neisseria gonorrhoeae<\/em>.<br \/>Negativo \u2013 cervicite de outra causa.<\/td>\n<\/tr>\n<tr>\n<td class=\"has-text-align-center\" data-align=\"center\"><\/td>\n<td class=\"has-text-align-center\" data-align=\"center\">Microscopia de esfrega\u00e7o, pede cultura para <em>Neisseria gonorrhoeae<\/em><\/td>\n<td class=\"has-text-align-center\" data-align=\"center\">Sensibilidade e poss\u00edvel resist\u00eancia de <em>Neisseria gonorrhoeae<\/em><\/td>\n<\/tr>\n<tr>\n<td class=\"has-text-align-center\" data-align=\"center\"><\/td>\n<td class=\"has-text-align-center\" data-align=\"center\">Mycoplasma genitalium NAAT<\/td>\n<td class=\"has-text-align-center\" data-align=\"center\">Positivo \u2013 \u00e9 necess\u00e1rio efetuar mais testes de sensibilidade aos antibi\u00f3ticos<\/td>\n<\/tr>\n<tr>\n<td class=\"has-text-align-center\" data-align=\"center\"><\/td>\n<td class=\"has-text-align-center\" data-align=\"center\">NAAT para HPV (em casos de cervicite n\u00e3o tratada ou recorrente na aus\u00eancia de outras causas)<\/td>\n<td class=\"has-text-align-center\" data-align=\"center\">Positivo \u2013 terapia antiviral<\/td>\n<\/tr>\n<tr>\n<td class=\"has-text-align-center\" data-align=\"center\">Esfrega\u00e7o vaginal<\/td>\n<td class=\"has-text-align-center\" data-align=\"center\">Trichomonas nAAT<\/td>\n<td class=\"has-text-align-center\" data-align=\"center\">Resultado positivo \u2013 confirma\u00e7\u00e3o do diagn\u00f3stico, tratamento necess\u00e1rio<\/td>\n<\/tr>\n<tr>\n<td class=\"has-text-align-center\" data-align=\"center\">pH vaginal<\/td>\n<td class=\"has-text-align-center\" data-align=\"center\">Normal 3,5-4,5<\/td>\n<td class=\"has-text-align-center\" data-align=\"center\">> 4,5 indica uma flora vaginal anormal<\/td>\n<\/tr>\n<tr>\n<td class=\"has-text-align-center\" data-align=\"center\">Anal\/<br \/>esfrega\u00e7os rectais<\/td>\n<td class=\"has-text-align-center\" data-align=\"center\"><em>Chlamydia trachomatis<\/em> e <em>Neisseria gonorrhoeae<\/em> NAAT<\/td>\n<td class=\"has-text-align-center\" data-align=\"center\">Positivo \u2013 confirma <em>Chlamydia trachomatis<\/em> e <br \/><em>Neisseria gonorrhoeae<\/em>.<br \/>Negativo \u2013 na presen\u00e7a de uma hist\u00f3ria de rela\u00e7\u00f5es anais, pode ser a causa de vaginose bacteriana recorrente.<\/td>\n<\/tr>\n<tr>\n<td class=\"has-text-align-center\" data-align=\"center\"><\/td>\n<td class=\"has-text-align-center\" data-align=\"center\">Microscopia e cultura para <em>Neisseria gonorrhoeae<\/em><\/td>\n<td class=\"has-text-align-center\" data-align=\"center\">Sensibilidade a <br \/><em>Neisseria gonorrhoeae<\/em> e poss\u00edvel perfil de resist\u00eancia<\/td>\n<\/tr>\n<\/tbody>\n<\/table>\n<\/figure>\n<h2 class=\"wp-block-heading\" id=\"tratamento-da-cervicite\"><strong>Tratamento da cervicite<\/strong><\/h2>\n<p>As t\u00e1cticas de tratamento dependem da etiologia da cervicite e podem variar em fun\u00e7\u00e3o da causa da doen\u00e7a.<\/p>\n<h3 class=\"wp-block-heading\" id=\"tratamento-empirico\"><strong>Tratamento emp\u00edrico<\/strong><\/h3>\n<p>De acordo com as diretrizes dos CDC, o tratamento emp\u00edrico \u00e9 recomendado para as mulheres com um risco acrescido de contrair infec\u00e7\u00f5es sexualmente transmiss\u00edveis: raparigas com menos de 25 anos de idade, mulheres com um novo parceiro sexual, um parceiro com uma infe\u00e7\u00e3o sexualmente transmiss\u00edvel previamente estabelecida e aquelas que t\u00eam v\u00e1rios parceiros sexuais ao mesmo tempo.<\/p>\n<p>O tratamento emp\u00edrico tamb\u00e9m \u00e9 recomendado para mulheres em que os testes n\u00e3o conseguem detetar o agente causador. O tratamento pode ser adiado at\u00e9 que os resultados dos testes de confirma\u00e7\u00e3o estejam dispon\u00edveis em mulheres com menor risco de infec\u00e7\u00f5es sexualmente transmiss\u00edveis. <\/p>\n<p>Para a terapia emp\u00edrica, existem os seguintes medicamentos:<\/p>\n<ul class=\"wp-block-list\">\n<li><strong>Azitromicina<\/strong> \u2013 por via oral, uma vez por dia;<\/li>\n<li><strong>Ceftriaxona<\/strong> \u2013 por via intramuscular uma vez;<\/li>\n<li><strong>Doxiciclina<\/strong> \u2013 por via oral durante 7 dias;<\/li>\n<li><strong>Cefixima<\/strong> \u2013 uma vez por via oral.<\/li>\n<\/ul>\n<p>Em caso de alergia grave \u00e0 penicilina\/cefalosporina, recomenda-se a sua utiliza\u00e7\u00e3o:<\/p>\n<ul class=\"wp-block-list\">\n<li><strong>Azitromicina<\/strong> \u2013 por via oral, uma vez por dia.<\/li>\n<\/ul>\n<h3 class=\"wp-block-heading\" id=\"tratamento-baseado-em-resultados-laboratoriais\"><strong>Tratamento baseado em resultados laboratoriais<\/strong><\/h3>\n<p>Se forem detectados agentes infecciosos atrav\u00e9s de testes laboratoriais, o tratamento \u00e9 o seguinte:<\/p>\n<ul class=\"wp-block-list\">\n<li><strong>Chlamydia<\/strong>: dose oral \u00fanica de azitromicina ou doxiciclina;<\/li>\n<li><strong>Gonorreia<\/strong>: ceftriaxona por via intramuscular uma vez para pessoas com peso corporal inferior a 150 kg e outras infec\u00e7\u00f5es negativas;<\/li>\n<li><strong>Mycoplasma<\/strong>: doxiciclina durante 3 dias ou azitromicina durante 3 dias;<\/li>\n<li><strong>Tricomonas<\/strong>: dose oral \u00fanica de metronidazol ou tinidazol;<\/li>\n<li><strong>Vaginose bacteriana: metronidazol por via oral, metronidazol gel 0,75% por via vaginal<\/strong>, clindamicina creme 2% por via intravaginal, clindamicina em suposit\u00f3rios por via intravaginal;<\/li>\n<li><strong>HPV<\/strong>: aciclovir oral, valaciclovir, famciclovir.<\/li>\n<\/ul>\n<h3 class=\"wp-block-heading\" id=\"acompanhamento-dos-contactos\"><strong>Acompanhamento dos contactos<\/strong><\/h3>\n<p>O rastreio de contactos \u00e9 uma prioridade para a clam\u00eddia, a gonorreia, a tricomon\u00edase e <em>o M. genitalium<\/em> e deve ser realizado em todos os doentes com infe\u00e7\u00e3o confirmada. N\u00e3o se recomenda o rastreio de contactos para o v\u00edrus do herpes simplex. A atividade sexual deve ser interrompida at\u00e9 \u00e0 conclus\u00e3o do curso terap\u00eautico. As mulheres VIH positivas com cervicite recebem o mesmo tratamento que as mulheres VIH negativas.   <\/p>\n<p>O tratamento atempado destas mulheres reduz a dissemina\u00e7\u00e3o do v\u00edrus e pode reduzir o risco de transmiss\u00e3o do VIH.<\/p>\n<h3 class=\"wp-block-heading\" id=\"cervicite-cronica\"><strong>Cervicite cr\u00f3nica<\/strong><\/h3>\n<p>O termo \u201ccervicite cr\u00f3nica\u201d \u00e9 utilizado para mulheres com corrimento persistente durante tr\u00eas meses, apesar da exclus\u00e3o da infe\u00e7\u00e3o e da terap\u00eautica antibi\u00f3tica emp\u00edrica. As doentes devem ser reexaminadas para detetar uma poss\u00edvel reexposi\u00e7\u00e3o a um agente infecioso. Na aus\u00eancia de infe\u00e7\u00e3o, n\u00e3o existem provas da efic\u00e1cia da terap\u00eautica antimicrobiana repetida ou prolongada para a cervicite sintom\u00e1tica persistente.  <\/p>\n<h3 class=\"wp-block-heading\" id=\"complicacoes\"><strong>Complica\u00e7\u00f5es<\/strong><\/h3>\n<p>A propaga\u00e7\u00e3o da infe\u00e7\u00e3o ao \u00fatero, \u00e0s trompas de Fal\u00f3pio e aos ov\u00e1rios, com o desenvolvimento de doen\u00e7a inflamat\u00f3ria p\u00e9lvica (DIP), \u00e9 uma complica\u00e7\u00e3o perigosa da cervicite. Pode levar a consequ\u00eancias agudas e cr\u00f3nicas, incluindo dor p\u00e9lvica cr\u00f3nica, gravidez ect\u00f3pica e infertilidade. <\/p>\n<div class=\"social-banner-block\">\n<div class=\"social-banner-content\">\n<p class=\"h5-title text-black\">Encontra mais conte\u00fados cientificamente exactos nas nossas redes sociais<\/p>\n<p><span class=\"social-banner-text text-grey\">Subscreve e n\u00e3o percas os recursos mais recentes<\/span><\/p>\n<div class=\"social-links-wrapper\"><a class=\"social-icon-link\" href=\"https:\/\/www.facebook.com\/VOKA3DAnatomyAndPathology\/\" target=\"_blank\" rel=\"nofollow noopener\"><img decoding=\"async\" src=\"https:\/\/storage.googleapis.com\/dev_wiki_voka_io_303011\/common\/Social%20Icons\/facebook.svg\" alt=\"social link\"><\/a><a class=\"social-icon-link\" href=\"https:\/\/www.instagram.com\/voka.io\/\" target=\"_blank\" rel=\"nofollow noopener\"><img decoding=\"async\" src=\"https:\/\/storage.googleapis.com\/dev_wiki_voka_io_303011\/common\/Social%20Icons\/insta.svg\" alt=\"social link\"><\/a><a class=\"social-icon-link\" href=\"https:\/\/www.linkedin.com\/company\/voka-io\/posts\/?feedView=all\" target=\"_blank\" rel=\"nofollow noopener\"><img decoding=\"async\" src=\"https:\/\/storage.googleapis.com\/dev_wiki_voka_io_303011\/common\/Social%20Icons\/linkedin.svg\" alt=\"social link\"><\/a><a class=\"social-icon-link\" href=\"https:\/\/www.youtube.com\/@vokaio\" target=\"_blank\" rel=\"nofollow noopener\"><img decoding=\"async\" src=\"https:\/\/storage.googleapis.com\/dev_wiki_voka_io_303011\/common\/Social%20Icons\/youtube.svg\" alt=\"social link\"><\/a><a class=\"social-icon-link\" href=\"https:\/\/www.pinterest.com\/voka3danatomyandpathology\/\" target=\"_blank\" rel=\"nofollow noopener\"><img decoding=\"async\" src=\"https:\/\/storage.googleapis.com\/dev_wiki_voka_io_303011\/common\/Social%20Icons\/pinterest.svg\" alt=\"social link\"><\/a><a class=\"social-icon-link\" href=\"https:\/\/www.tiktok.com\/@voka.io\" target=\"_blank\" rel=\"nofollow noopener\"><img decoding=\"async\" src=\"https:\/\/storage.googleapis.com\/dev_wiki_voka_io_303011\/common\/Social%20Icons\/tiktok.svg\" alt=\"social link\"><\/a><a class=\"social-icon-link\" href=\"https:\/\/discord.gg\/7ejUpq8DRR\" target=\"_blank\" rel=\"nofollow noopener\"><img decoding=\"async\" src=\"https:\/\/storage.googleapis.com\/dev_wiki_voka_io_303011\/common\/Social%20Icons\/discord.svg\" alt=\"social link\"><\/a><\/div>\n<\/div>\n<p><img decoding=\"async\" class=\"social-banner-image\" loading=\"lazy\" src=\"https:\/\/storage.googleapis.com\/dev_wiki_voka_io_303011\/common\/social-media-banner-mobile-image.webp\" alt=\"Banner background\"><\/div>\n<h3 class=\"wp-block-heading\" id=\"gravidez\"><strong>Gravidez<\/strong><\/h3>\n<p>A presen\u00e7a de cervicite associada a infec\u00e7\u00f5es sexualmente transmiss\u00edveis est\u00e1 correlacionada com resultados desfavor\u00e1veis na gravidez, especialmente rutura prematura das membranas fetais, parto pr\u00e9-termo e nascimento de beb\u00e9s com baixo peso para a idade gestacional. A infe\u00e7\u00e3o por clam\u00eddia diagnosticada intempestivamente durante a gravidez leva \u00e0 exposi\u00e7\u00e3o perinatal do beb\u00e9 a um colo do \u00fatero materno infetado. A infe\u00e7\u00e3o neonatal prim\u00e1ria por <em>C. trachomatis<\/em> afecta as membranas mucosas dos olhos, da orofaringe, do trato urogenital e do reto.  <\/p>\n<p>As manifesta\u00e7\u00f5es mais graves da infe\u00e7\u00e3o por <em>N. gonorrhoeae<\/em> em rec\u00e9m-nascidos s\u00e3o a conjuntivite neonatal e a septicemia, que pode incluir artrite e meningite. As manifesta\u00e7\u00f5es menos graves s\u00e3o a rinite, a vaginite, a uretrite e a infe\u00e7\u00e3o do couro cabeludo. <\/p>\n<p><strong>As mulheres gr\u00e1vidas<\/strong>, independentemente da idade gestacional, devem ser submetidas a um <strong>rastreio pr\u00e9-natal obrigat\u00f3rio da infe\u00e7\u00e3o<\/strong> e, se a infe\u00e7\u00e3o for detectada, deve ser-lhes recomendado tratamento.<\/p>\n<div>\n<h2 class=\"faq-title h2-article\" id=\"faq\">FAQ<\/h2>\n<div class=\"faq-section\">\n<div class=\"faq-item faq-answer-hidden\">\n<div class=\"question-block\">\n<div class=\"faq-question\">\n<p class=\" text-black h5-title\">1. O que \u00e9 a cervicite e quais s\u00e3o as suas principais causas?<\/p>\n<\/div>\n<div class=\"faq-answer text-main-text-color main-text-medium\">A cervicite \u00e9 uma inflama\u00e7\u00e3o do colo do \u00fatero causada por infec\u00e7\u00f5es (gonorreia, clam\u00eddia, tricomon\u00edase) ou por factores n\u00e3o infecciosos, como traumatismos ou alergias. Os agentes infecciosos podem incluir v\u00edrus, bact\u00e9rias ou fungos. <\/div>\n<\/div>\n<div class=\"expand-button-wrapper\"><button class=\"text-accent expand-button\">+<\/button><\/div>\n<\/div>\n<div class=\"faq-item faq-answer-hidden\">\n<div class=\"question-block\">\n<div class=\"faq-question\">\n<p class=\" text-black h5-title\">2. O que \u00e9 a cervicite cr\u00f3nica?<\/p>\n<\/div>\n<div class=\"faq-answer text-main-text-color main-text-medium\">A cervicite cr\u00f3nica \u00e9 uma inflama\u00e7\u00e3o do colo do \u00fatero que dura mais de tr\u00eas meses. Pode desenvolver-se ap\u00f3s uma cervicite aguda ou como resultado de infec\u00e7\u00f5es ou traumatismos prolongados. <\/div>\n<\/div>\n<div class=\"expand-button-wrapper\"><button class=\"text-accent expand-button\">+<\/button><\/div>\n<\/div>\n<div class=\"faq-item faq-answer-hidden\">\n<div class=\"question-block\">\n<div class=\"faq-question\">\n<p class=\" text-black h5-title\">3. A cervicite pode levar ao cancro?<\/p>\n<\/div>\n<div class=\"faq-answer text-main-text-color main-text-medium\">A cervicite em si n\u00e3o causa cancro, mas a inflama\u00e7\u00e3o cr\u00f3nica causada pela infe\u00e7\u00e3o pelo papilomav\u00edrus humano (HPV) pode aumentar o risco de cancro do colo do \u00fatero. Os exames regulares e o tratamento podem ajudar a reduzir este risco. <\/div>\n<\/div>\n<div class=\"expand-button-wrapper\"><button class=\"text-accent expand-button\">+<\/button><\/div>\n<\/div>\n<div class=\"faq-item faq-answer-hidden\">\n<div class=\"question-block\">\n<div class=\"faq-question\">\n<p class=\" text-black h5-title\">4. Como \u00e9 que a cervicite \u00e9 transmitida?<\/p>\n<\/div>\n<div class=\"faq-answer text-main-text-color main-text-medium\">A cervicite pode ser sexualmente transmiss\u00edvel se for causada por uma infe\u00e7\u00e3o como a gonorreia ou a clam\u00eddia. Tamb\u00e9m pode desenvolver-se ap\u00f3s interven\u00e7\u00f5es m\u00e9dicas ou traumatismos no colo do \u00fatero. <\/div>\n<\/div>\n<div class=\"expand-button-wrapper\"><button class=\"text-accent expand-button\">+<\/button><\/div>\n<\/div>\n<div class=\"faq-item faq-answer-hidden\">\n<div class=\"question-block\">\n<div class=\"faq-question\">\n<p class=\" text-black h5-title\">5. A cervicite \u00e9 perigosa durante a gravidez?<\/p>\n<\/div>\n<div class=\"faq-answer text-main-text-color main-text-medium\">A cervicite pode ser perigosa para a gravidez, especialmente se for causada por uma infe\u00e7\u00e3o sexualmente transmiss\u00edvel. Pode levar a um parto prematuro, \u00e0 rutura das membranas fetais ou a uma infe\u00e7\u00e3o no rec\u00e9m-nascido. <\/div>\n<\/div>\n<div class=\"expand-button-wrapper\"><button class=\"text-accent expand-button\">+<\/button><\/div>\n<\/div>\n<div class=\"faq-item faq-answer-hidden\">\n<div class=\"question-block\">\n<div class=\"faq-question\">\n<p class=\" text-black h5-title\">6. Posso engravidar com cervicite?<\/p>\n<\/div>\n<div class=\"faq-answer text-main-text-color main-text-medium\">A cervicite por si s\u00f3 n\u00e3o \u00e9 um obst\u00e1culo direto \u00e0 gravidez, mas se a inflama\u00e7\u00e3o for acompanhada de complica\u00e7\u00f5es como a inflama\u00e7\u00e3o p\u00e9lvica, pode aumentar o risco de infertilidade. O tratamento pode ajudar a restaurar a fertilidade. <\/div>\n<\/div>\n<div class=\"expand-button-wrapper\"><button class=\"text-accent expand-button\">+<\/button><\/div>\n<\/div>\n<div class=\"faq-item faq-answer-hidden\">\n<div class=\"question-block\">\n<div class=\"faq-question\">\n<p class=\" text-black h5-title\">7. A cervicite transmite-se aos homens?<\/p>\n<\/div>\n<div class=\"faq-answer text-main-text-color main-text-medium\">A cervicite n\u00e3o \u00e9 transmitida diretamente aos homens, mas as infec\u00e7\u00f5es que causam a cervicite podem ser transmitidas aos homens, causando inflama\u00e7\u00e3o da uretra e de outros \u00f3rg\u00e3os genitais.<\/div>\n<\/div>\n<div class=\"expand-button-wrapper\"><button class=\"text-accent expand-button\">+<\/button><\/div>\n<\/div>\n<div class=\"faq-item faq-answer-hidden\">\n<div class=\"question-block\">\n<div class=\"faq-question\">\n<p class=\" text-black h5-title\">8. Quais s\u00e3o os perigos da cervicite?<\/p>\n<\/div>\n<div class=\"faq-answer text-main-text-color main-text-medium\">A cervicite pode ser perigosa se n\u00e3o for tratada. Pode levar \u00e0 propaga\u00e7\u00e3o da infe\u00e7\u00e3o a outras partes dos \u00f3rg\u00e3os reprodutores, como o \u00fatero, as trompas de Fal\u00f3pio e os ov\u00e1rios, o que pode causar doen\u00e7a inflamat\u00f3ria p\u00e9lvica (DIP). Em casos graves, pode provocar infertilidade, dor p\u00e9lvica cr\u00f3nica e um risco acrescido de gravidez ect\u00f3pica.  <\/div>\n<\/div>\n<div class=\"expand-button-wrapper\"><button class=\"text-accent expand-button\">+<\/button><\/div>\n<\/div>\n<\/div>\n<p><script type=\"application\/ld+json\">\n    {\n    \"@context\": \"https:\/\/schema.org\",\n    \"@type\": \"FAQPage\",\n    \"mainEntity\": [\n        {\n            \"@type\": \"Question\",\n            \"name\": \"O que \u00e9 a cervicite e quais s\u00e3o as suas principais causas?\",\n            \"acceptedAnswer\": {\n                \"@type\": \"Answer\",\n                \"text\": \"A cervicite \u00e9 uma inflama\u00e7\u00e3o do colo do \u00fatero causada por infec\u00e7\u00f5es (gonorreia, clam\u00eddia, tricomon\u00edase) ou por factores n\u00e3o infecciosos, como traumatismos ou alergias. Os agentes infecciosos podem incluir v\u00edrus, bact\u00e9rias ou fungos. \"\n            }\n        },\n        {\n            \"@type\": \"Question\",\n            \"name\": \"O que \u00e9 a cervicite cr\u00f3nica?\",\n            \"acceptedAnswer\": {\n                \"@type\": \"Answer\",\n                \"text\": \"A cervicite cr\u00f3nica \u00e9 uma inflama\u00e7\u00e3o do colo do \u00fatero que dura mais de tr\u00eas meses. Pode desenvolver-se ap\u00f3s uma cervicite aguda ou como resultado de infec\u00e7\u00f5es ou traumatismos prolongados. \"\n            }\n        },\n        {\n            \"@type\": \"Question\",\n            \"name\": \"A cervicite pode levar ao cancro?\",\n            \"acceptedAnswer\": {\n                \"@type\": \"Answer\",\n                \"text\": \"A cervicite em si n\u00e3o causa cancro, mas a inflama\u00e7\u00e3o cr\u00f3nica causada pela infe\u00e7\u00e3o pelo papilomav\u00edrus humano (HPV) pode aumentar o risco de cancro do colo do \u00fatero. Os exames regulares e o tratamento podem ajudar a reduzir este risco. \"\n            }\n        },\n        {\n            \"@type\": \"Question\",\n            \"name\": \"Como \u00e9 que a cervicite \u00e9 transmitida?\",\n            \"acceptedAnswer\": {\n                \"@type\": \"Answer\",\n                \"text\": \"A cervicite pode ser sexualmente transmiss\u00edvel se for causada por uma infe\u00e7\u00e3o como a gonorreia ou a clam\u00eddia. Tamb\u00e9m pode desenvolver-se ap\u00f3s interven\u00e7\u00f5es m\u00e9dicas ou traumatismos no colo do \u00fatero. \"\n            }\n        },\n        {\n            \"@type\": \"Question\",\n            \"name\": \"A cervicite \u00e9 perigosa durante a gravidez?\",\n            \"acceptedAnswer\": {\n                \"@type\": \"Answer\",\n                \"text\": \"A cervicite pode ser perigosa para a gravidez, especialmente se for causada por uma infe\u00e7\u00e3o sexualmente transmiss\u00edvel. Pode levar a um parto prematuro, \u00e0 rutura das membranas fetais ou a uma infe\u00e7\u00e3o no rec\u00e9m-nascido. \"\n            }\n        },\n        {\n            \"@type\": \"Question\",\n            \"name\": \"Posso engravidar com cervicite?\",\n            \"acceptedAnswer\": {\n                \"@type\": \"Answer\",\n                \"text\": \"A cervicite por si s\u00f3 n\u00e3o \u00e9 um obst\u00e1culo direto \u00e0 gravidez, mas se a inflama\u00e7\u00e3o for acompanhada de complica\u00e7\u00f5es como a inflama\u00e7\u00e3o p\u00e9lvica, pode aumentar o risco de infertilidade. O tratamento pode ajudar a restaurar a fertilidade. \"\n            }\n        },\n        {\n            \"@type\": \"Question\",\n            \"name\": \"A cervicite transmite-se aos homens?\",\n            \"acceptedAnswer\": {\n                \"@type\": \"Answer\",\n                \"text\": \"A cervicite n\u00e3o \u00e9 transmitida diretamente aos homens, mas as infec\u00e7\u00f5es que causam a cervicite podem ser transmitidas aos homens, causando inflama\u00e7\u00e3o da uretra e de outros \u00f3rg\u00e3os genitais.\"\n            }\n        },\n        {\n            \"@type\": \"Question\",\n            \"name\": \"Quais s\u00e3o os perigos da cervicite?\",\n            \"acceptedAnswer\": {\n                \"@type\": \"Answer\",\n                \"text\": \"A cervicite pode ser perigosa se n\u00e3o for tratada. Pode levar \u00e0 propaga\u00e7\u00e3o da infe\u00e7\u00e3o a outras partes dos \u00f3rg\u00e3os reprodutores, como o \u00fatero, as trompas de Fal\u00f3pio e os ov\u00e1rios, o que pode causar doen\u00e7a inflamat\u00f3ria p\u00e9lvica (DIP). Em casos graves, pode provocar infertilidade, dor p\u00e9lvica cr\u00f3nica e um risco acrescido de gravidez ect\u00f3pica.  \"\n            }\n        }\n    ]\n}<\/script><\/div>\n<div class=\"sources-list-block sources-list-hidden\" id=\"lista-de-fontes\">\n<div class=\"sources-list-content\">\n<div class=\"sources-list-title\">\n<p class=\"small-text-bold text-black sources-list-title-text\">Lista de fontes<\/p>\n<div class=\"sources-expand-button-wrapper-mobile\">\n<div class=\"sources-expand-button\"><svg width=\"32\" height=\"32\" viewbox=\"0 0 32 32\" fill=\"none\" xmlns=\"http:\/\/www.w3.org\/2000\/svg\"><path d=\"M8 12L16 20L24 12\" stroke=\"#8C9AAB\" stroke-width=\"2\" stroke-linecap=\"round\" stroke-linejoin=\"round\"><\/path><\/svg><\/div>\n<\/div>\n<\/div>\n<div class=\"sources-list-items\">\n<div class=\"source-item\">\n<p class=\"main-text-semibold text-black\">1.<\/p>\n<div class=\"source-item-content\">\n<p class=\"main-text-semibold text-black\">Cat\u00e1logo VOKA. <\/p>\n<p><span class=\"small-text-medium text-grey\">https:\/\/catalog.voka.io\/ <\/span><\/div>\n<\/div>\n<div class=\"source-item\">\n<p class=\"main-text-semibold text-black\">2.<\/p>\n<div class=\"source-item-content\">\n<p class=\"main-text-semibold text-black\">Workowski, K. A., Bachmann, L. H., & Chan, P. A. *Sexually Transmitted Infections Treatment Guidelines, 2023*. MMWR Recommendations and Reports, **72**(4), 1\u2013187. [CDC].  <\/p>\n<\/div>\n<\/div>\n<div class=\"source-item\">\n<p class=\"main-text-semibold text-black\">3.<\/p>\n<div class=\"source-item-content\">\n<p class=\"main-text-semibold text-black\">WHO Guidelines for the Treatment of *Chlamydia trachomatis*, *Neisseria gonorrhoeae*, and *Trichomonas vaginalis* (2021). <\/p>\n<\/div>\n<\/div>\n<div class=\"source-item\">\n<p class=\"main-text-semibold text-black\">4.<\/p>\n<div class=\"source-item-content\">\n<p class=\"main-text-semibold text-black\">European Guideline on the Management of Cervicitis (IUSTI\/WHO, 2022).<\/p>\n<\/div>\n<\/div>\n<div class=\"source-item\">\n<p class=\"main-text-semibold text-black\">5.<\/p>\n<div class=\"source-item-content\">\n<p class=\"main-text-semibold text-black\">Amsel, R., et al. *\u201dMicrobiome Analysis in Women with Chronic Cervicitis: Implications for Diagnosis and Therapy\u201d*. Journal of Infectious Diseases, **229**(3), 345\u2013356.  <\/p>\n<\/div>\n<\/div>\n<div class=\"source-item\">\n<p class=\"main-text-semibold text-black\">6.<\/p>\n<div class=\"source-item-content\">\n<p class=\"main-text-semibold text-black\">Taylor, S. N., et al. *\u201dPoint-of-Care Testing for Non-viral Sexually Transmitted Infections in Cervicitis\u201d*. Clinical Infectious Diseases, **77**(5), e45\u2013e52.  <\/p>\n<\/div>\n<\/div>\n<div class=\"source-item\">\n<p class=\"main-text-semibold text-black\">7.<\/p>\n<div class=\"source-item-content\">\n<p class=\"main-text-semibold text-black\">Haggerty, C. L., et al. *\u201dPersistent and Recurrent Cervicitis: Risk Factors and Management\u201d*. American Journal of Obstetrics and Gynecology, **226**(4), 501.e1\u2013501.e12.  <\/p>\n<\/div>\n<\/div>\n<div class=\"source-item\">\n<p class=\"main-text-semibold text-black\">8.<\/p>\n<div class=\"source-item-content\">\n<p class=\"main-text-semibold text-black\">Van Der Pol, B., et al. *\u201dMolecular Diagnostics for Cervicitis: Utility of Multiplex PCR in Detecting Co-Infections\u201d*. Sexually Transmitted Infections, **97**(6), 412\u2013418.  <\/p>\n<\/div>\n<\/div>\n<div class=\"source-item\">\n<p class=\"main-text-semibold text-black\">9.<\/p>\n<div class=\"source-item-content\">\n<p class=\"main-text-semibold text-black\">Mitchell, C., & Marrazzo, J. *\u201dBacterial Vaginosis and the Risk of Cervicitis: A Longitudinal Analysis\u201d*. Obstetrics & Gynecology, **135**(4), 862\u2013870.  <\/p>\n<\/div>\n<\/div>\n<div class=\"source-item\">\n<p class=\"main-text-semibold text-black\">10.<\/p>\n<div class=\"source-item-content\">\n<p class=\"main-text-semibold text-black\">Gaydos, C. A., & Hardick, J. *\u201dAdvances in Rapid Nucleic Acid Amplification Tests for Cervicitis Pathogens\u201d*. Expert Review of Molecular Diagnostics, **23**(7), 567\u2013578.  <\/p>\n<\/div>\n<\/div>\n<div class=\"source-item\">\n<p class=\"main-text-semibold text-black\">11.<\/p>\n<div class=\"source-item-content\">\n<p class=\"main-text-semibold text-black\">Ravel, J., et al. *\u201dVaginal and Cervical Microbiome Signatures in Women with Cervicitis\u201d*. Nature Communications, **13**(1), 3521.   <\/p>\n<\/div>\n<\/div>\n<div class=\"source-item\">\n<p class=\"main-text-semibold text-black\">12.<\/p>\n<div class=\"source-item-content\">\n<p class=\"main-text-semibold text-black\">Schwebke, J. R., & Muzny, C. A. *\u201dThe Role of Mycoplasma genitalium in Cervicitis\u201d*. Clinical Microbiology Reviews, **34**(3), e00118-20.  <\/p>\n<\/div>\n<\/div>\n<div class=\"source-item\">\n<p class=\"main-text-semibold text-black\">13.<\/p>\n<div class=\"source-item-content\">\n<p class=\"main-text-semibold text-black\">Unemo, M., et al. *\u201dEmerging Antimicrobial Resistance in Neisseria gonorrhoeae: Implications for Cervicitis Therapy\u201d*. The Lancet Infectious Diseases, **24**(2), e78\u2013e89.   <\/p>\n<\/div>\n<\/div>\n<div class=\"source-item\">\n<p class=\"main-text-semibold text-black\">14.<\/p>\n<div class=\"source-item-content\">\n<p class=\"main-text-semibold text-black\">Kissinger, P., et al. *\u201dSingle-Dose vs. Multidose Therapy for Trichomonas vaginalis-Associated Cervicitis\u201d*. New England Journal of Medicine, **388**(12), 1123\u20131132.   <\/p>\n<\/div>\n<\/div>\n<div class=\"source-item\">\n<p class=\"main-text-semibold text-black\">15.<\/p>\n<div class=\"source-item-content\">\n<p class=\"main-text-semibold text-black\">Kong, F. Y. S., et al. *\u201dAzithromycin Resistance in Chlamydia trachomatis: A Global Review\u201d*. Clinical Infectious Diseases, **74**(8), 1424\u20131430.  <\/p>\n<\/div>\n<\/div>\n<\/div>\n<\/div>\n<div class=\"sources-expand-button-wrapper\">\n<div class=\"sources-expand-button\"><svg width=\"32\" height=\"32\" viewbox=\"0 0 32 32\" fill=\"none\" xmlns=\"http:\/\/www.w3.org\/2000\/svg\"><path d=\"M8 12L16 20L24 12\" stroke=\"#8C9AAB\" stroke-width=\"2\" stroke-linecap=\"round\" stroke-linejoin=\"round\"><\/path><\/svg><\/div>\n<\/div>\n<\/div>\n","protected":false},"excerpt":{"rendered":"<p>A cervicite \u00e9 uma s\u00edndrome cl\u00ednica caracterizada por uma inflama\u00e7\u00e3o do epit\u00e9lio cervical. Distinguem-se as formas aguda e cr\u00f3nica, sendo que a cervicite aguda tem causas infecciosas, enquanto a cr\u00f3nica \u00e9 causada predominantemente por fontes n\u00e3o infecciosas. A preval\u00eancia exacta da cervicite \u00e9 dif\u00edcil de determinar devido \u00e0 falta de crit\u00e9rios de diagn\u00f3stico normalizados. Uma [&hellip;]<\/p>\n","protected":false},"author":5,"featured_media":0,"template":"","diseases_category":[297],"class_list":["post-955","diseases_post","type-diseases_post","status-publish","hentry","diseases_category-ginecologicas"],"acf":[],"yoast_head":"<!-- This site is optimized with the Yoast SEO Premium plugin v25.0 (Yoast SEO v26.5) - https:\/\/yoast.com\/wordpress\/plugins\/seo\/ -->\n<title>Cervicite: Causas, sintomas, sinais, diagn\u00f3stico e tratamento<\/title>\n<meta name=\"description\" content=\"A cervicite \u00e9 uma s\u00edndrome cl\u00ednica caracterizada por uma inflama\u00e7\u00e3o do epit\u00e9lio cervical. Manifesta\u00e7\u00f5es cl\u00ednicas, diagn\u00f3stico e tratamento.\" \/>\n<meta name=\"robots\" content=\"index, follow, max-snippet:-1, max-image-preview:large, max-video-preview:-1\" \/>\n<link rel=\"canonical\" href=\"https:\/\/wiki.voka.io\/pt\/doencas\/ginecologicas\/cervicite\/\" \/>\n<meta property=\"og:locale\" content=\"pt_PT\" \/>\n<meta property=\"og:type\" content=\"article\" \/>\n<meta property=\"og:title\" content=\"Cervicite: etiologia, Sintomatologia, diagn\u00f3stico, tratamento\" \/>\n<meta property=\"og:description\" content=\"A cervicite \u00e9 uma s\u00edndrome cl\u00ednica caracterizada por uma inflama\u00e7\u00e3o do epit\u00e9lio cervical. Manifesta\u00e7\u00f5es cl\u00ednicas, diagn\u00f3stico e tratamento.\" \/>\n<meta property=\"og:url\" content=\"https:\/\/wiki.voka.io\/pt\/doencas\/ginecologicas\/cervicite\/\" \/>\n<meta property=\"og:site_name\" content=\"Voka Wiki\" \/>\n<meta property=\"article:publisher\" content=\"https:\/\/www.facebook.com\/VOKA3DAnatomyAndPathology\/\" \/>\n<meta property=\"article:modified_time\" content=\"2025-07-24T09:58:38+00:00\" \/>\n<meta property=\"og:image\" content=\"https:\/\/storage.googleapis.com\/dev_wiki_voka_io_303011\/articles\/en\/gynecology\/cervicitis\/diffuse-endocervicitis.webp\" \/>\n<meta name=\"twitter:card\" content=\"summary_large_image\" \/>\n<meta name=\"twitter:label1\" content=\"Tempo estimado de leitura\" \/>\n\t<meta name=\"twitter:data1\" content=\"7 minutos\" \/>\n<script type=\"application\/ld+json\" class=\"yoast-schema-graph\">{\"@context\":\"https:\/\/schema.org\",\"@graph\":[{\"@type\":\"Article\",\"@id\":\"https:\/\/wiki.voka.io\/pt\/doencas\/ginecologicas\/cervicite\/#article\",\"isPartOf\":{\"@id\":\"https:\/\/wiki.voka.io\/pt\/doencas\/ginecologicas\/cervicite\/\"},\"author\":{\"name\":\"Daria G.\",\"@id\":\"https:\/\/wiki.voka.io\/pt\/#\/schema\/person\/d04503ecdd61b2f6c240df6ab8b6f3d3\"},\"headline\":\"Cervicite: etiologia, Sintomatologia, diagn\u00f3stico, tratamento\",\"datePublished\":\"2025-07-23T12:16:43+00:00\",\"dateModified\":\"2025-07-24T09:58:38+00:00\",\"mainEntityOfPage\":{\"@id\":\"https:\/\/wiki.voka.io\/pt\/doencas\/ginecologicas\/cervicite\/\"},\"wordCount\":1507,\"publisher\":{\"@id\":\"https:\/\/wiki.voka.io\/pt\/#organization\"},\"image\":{\"@id\":\"https:\/\/wiki.voka.io\/pt\/doencas\/ginecologicas\/cervicite\/#primaryimage\"},\"thumbnailUrl\":\"https:\/\/storage.googleapis.com\/dev_wiki_voka_io_303011\/articles\/en\/gynecology\/cervicitis\/diffuse-endocervicitis.webp\",\"inLanguage\":\"pt-PT\"},{\"@type\":\"WebPage\",\"@id\":\"https:\/\/wiki.voka.io\/pt\/doencas\/ginecologicas\/cervicite\/\",\"url\":\"https:\/\/wiki.voka.io\/pt\/doencas\/ginecologicas\/cervicite\/\",\"name\":\"Cervicite: Causas, sintomas, sinais, diagn\u00f3stico e tratamento\",\"isPartOf\":{\"@id\":\"https:\/\/wiki.voka.io\/pt\/#website\"},\"primaryImageOfPage\":{\"@id\":\"https:\/\/wiki.voka.io\/pt\/doencas\/ginecologicas\/cervicite\/#primaryimage\"},\"image\":{\"@id\":\"https:\/\/wiki.voka.io\/pt\/doencas\/ginecologicas\/cervicite\/#primaryimage\"},\"thumbnailUrl\":\"https:\/\/storage.googleapis.com\/dev_wiki_voka_io_303011\/articles\/en\/gynecology\/cervicitis\/diffuse-endocervicitis.webp\",\"datePublished\":\"2025-07-23T12:16:43+00:00\",\"dateModified\":\"2025-07-24T09:58:38+00:00\",\"description\":\"A cervicite \u00e9 uma s\u00edndrome cl\u00ednica caracterizada por uma inflama\u00e7\u00e3o do epit\u00e9lio cervical. Manifesta\u00e7\u00f5es cl\u00ednicas, diagn\u00f3stico e tratamento.\",\"breadcrumb\":{\"@id\":\"https:\/\/wiki.voka.io\/pt\/doencas\/ginecologicas\/cervicite\/#breadcrumb\"},\"inLanguage\":\"pt-PT\",\"potentialAction\":[{\"@type\":\"ReadAction\",\"target\":[\"https:\/\/wiki.voka.io\/pt\/doencas\/ginecologicas\/cervicite\/\"]}]},{\"@type\":\"ImageObject\",\"inLanguage\":\"pt-PT\",\"@id\":\"https:\/\/wiki.voka.io\/pt\/doencas\/ginecologicas\/cervicite\/#primaryimage\",\"url\":\"https:\/\/storage.googleapis.com\/dev_wiki_voka_io_303011\/articles\/en\/gynecology\/cervicitis\/diffuse-endocervicitis.webp\",\"contentUrl\":\"https:\/\/storage.googleapis.com\/dev_wiki_voka_io_303011\/articles\/en\/gynecology\/cervicitis\/diffuse-endocervicitis.webp\"},{\"@type\":\"BreadcrumbList\",\"@id\":\"https:\/\/wiki.voka.io\/pt\/doencas\/ginecologicas\/cervicite\/#breadcrumb\",\"itemListElement\":[{\"@type\":\"ListItem\",\"position\":1,\"name\":\"Home\",\"item\":\"https:\/\/wiki.voka.io\/pt\/\"},{\"@type\":\"ListItem\",\"position\":2,\"name\":\"Diseases posts\",\"item\":\"https:\/\/wiki.voka.io\/pt\/doencas\/%diseases_category%\/\"},{\"@type\":\"ListItem\",\"position\":3,\"name\":\"Cervicite: etiologia, Sintomatologia, diagn\u00f3stico, tratamento\"}]},{\"@type\":\"WebSite\",\"@id\":\"https:\/\/wiki.voka.io\/pt\/#website\",\"url\":\"https:\/\/wiki.voka.io\/pt\/\",\"name\":\"Voka Wiki\",\"description\":\"\",\"publisher\":{\"@id\":\"https:\/\/wiki.voka.io\/pt\/#organization\"},\"alternateName\":\"Anatomy & Pathology Wiki by VOKA\",\"potentialAction\":[{\"@type\":\"SearchAction\",\"target\":{\"@type\":\"EntryPoint\",\"urlTemplate\":\"https:\/\/wiki.voka.io\/pt\/?s={search_term_string}\"},\"query-input\":{\"@type\":\"PropertyValueSpecification\",\"valueRequired\":true,\"valueName\":\"search_term_string\"}}],\"inLanguage\":\"pt-PT\"},{\"@type\":\"Organization\",\"@id\":\"https:\/\/wiki.voka.io\/pt\/#organization\",\"name\":\"Voka 3D Anatomy & Pathology\",\"alternateName\":\"VOKA\",\"url\":\"https:\/\/wiki.voka.io\/pt\/\",\"logo\":{\"@type\":\"ImageObject\",\"inLanguage\":\"pt-PT\",\"@id\":\"https:\/\/wiki.voka.io\/pt\/#\/schema\/logo\/image\/\",\"url\":\"https:\/\/wiki.voka.io\/wp-content\/uploads\/2025\/02\/cropped-voka-logo-1.png\",\"contentUrl\":\"https:\/\/wiki.voka.io\/wp-content\/uploads\/2025\/02\/cropped-voka-logo-1.png\",\"width\":70,\"height\":16,\"caption\":\"Voka 3D Anatomy & Pathology\"},\"image\":{\"@id\":\"https:\/\/wiki.voka.io\/pt\/#\/schema\/logo\/image\/\"},\"sameAs\":[\"https:\/\/www.facebook.com\/VOKA3DAnatomyAndPathology\/\",\"https:\/\/www.instagram.com\/voka.io\/\",\"https:\/\/www.linkedin.com\/company\/voka-io\/\",\"https:\/\/www.youtube.com\/channel\/UCqGGuOEpr62ScH8Pjk2q5zw\/videos\",\"https:\/\/www.pinterest.com\/VokaAnatomyPro\/\",\"https:\/\/www.threads.com\/@voka.io\"],\"description\":\"VOKA.io offers 3D medical animations and custom 3D modeling services. Our product, VOKA 3D Anatomy & Pathology, is a digital atlas with over 1,000 detailed 3D models of human anatomy and pathology, designed for medical education, training, and patient communication.\",\"email\":\"info@voka.io\",\"telephone\":\"+1 814 351 4442\",\"legalName\":\"Voka 3D Anatomy & Pathology\",\"foundingDate\":\"2017-02-12\",\"naics\":\"541512\",\"numberOfEmployees\":{\"@type\":\"QuantitativeValue\",\"minValue\":\"51\",\"maxValue\":\"200\"},\"publishingPrinciples\":\"https:\/\/wiki.voka.io\/pt\/principios-de-publicacao\/\"},{\"@type\":\"Person\",\"@id\":\"https:\/\/wiki.voka.io\/pt\/#\/schema\/person\/d04503ecdd61b2f6c240df6ab8b6f3d3\",\"name\":\"Daria G.\",\"image\":{\"@type\":\"ImageObject\",\"inLanguage\":\"pt-PT\",\"@id\":\"https:\/\/wiki.voka.io\/pt\/#\/schema\/person\/image\/\",\"url\":\"https:\/\/secure.gravatar.com\/avatar\/1faab9091e9e12b98ab4611e0e933edce775a5bbe4d7e27819593886426e21f3?s=96&d=mm&r=g\",\"contentUrl\":\"https:\/\/secure.gravatar.com\/avatar\/1faab9091e9e12b98ab4611e0e933edce775a5bbe4d7e27819593886426e21f3?s=96&d=mm&r=g\",\"caption\":\"Daria G.\"}}]}<\/script>\n<!-- \/ Yoast SEO Premium plugin. -->","yoast_head_json":{"title":"Cervicite: Causas, sintomas, sinais, diagn\u00f3stico e tratamento","description":"A cervicite \u00e9 uma s\u00edndrome cl\u00ednica caracterizada por uma inflama\u00e7\u00e3o do epit\u00e9lio cervical. Manifesta\u00e7\u00f5es cl\u00ednicas, diagn\u00f3stico e tratamento.","robots":{"index":"index","follow":"follow","max-snippet":"max-snippet:-1","max-image-preview":"max-image-preview:large","max-video-preview":"max-video-preview:-1"},"canonical":"https:\/\/wiki.voka.io\/pt\/doencas\/ginecologicas\/cervicite\/","og_locale":"pt_PT","og_type":"article","og_title":"Cervicite: etiologia, Sintomatologia, diagn\u00f3stico, tratamento","og_description":"A cervicite \u00e9 uma s\u00edndrome cl\u00ednica caracterizada por uma inflama\u00e7\u00e3o do epit\u00e9lio cervical. Manifesta\u00e7\u00f5es cl\u00ednicas, diagn\u00f3stico e tratamento.","og_url":"https:\/\/wiki.voka.io\/pt\/doencas\/ginecologicas\/cervicite\/","og_site_name":"Voka Wiki","article_publisher":"https:\/\/www.facebook.com\/VOKA3DAnatomyAndPathology\/","article_modified_time":"2025-07-24T09:58:38+00:00","og_image":[{"url":"https:\/\/storage.googleapis.com\/dev_wiki_voka_io_303011\/articles\/en\/gynecology\/cervicitis\/diffuse-endocervicitis.webp","type":"","width":"","height":""}],"twitter_card":"summary_large_image","twitter_misc":{"Tempo estimado de leitura":"7 minutos"},"schema":{"@context":"https:\/\/schema.org","@graph":[{"@type":"Article","@id":"https:\/\/wiki.voka.io\/pt\/doencas\/ginecologicas\/cervicite\/#article","isPartOf":{"@id":"https:\/\/wiki.voka.io\/pt\/doencas\/ginecologicas\/cervicite\/"},"author":{"name":"Daria G.","@id":"https:\/\/wiki.voka.io\/pt\/#\/schema\/person\/d04503ecdd61b2f6c240df6ab8b6f3d3"},"headline":"Cervicite: etiologia, Sintomatologia, diagn\u00f3stico, tratamento","datePublished":"2025-07-23T12:16:43+00:00","dateModified":"2025-07-24T09:58:38+00:00","mainEntityOfPage":{"@id":"https:\/\/wiki.voka.io\/pt\/doencas\/ginecologicas\/cervicite\/"},"wordCount":1507,"publisher":{"@id":"https:\/\/wiki.voka.io\/pt\/#organization"},"image":{"@id":"https:\/\/wiki.voka.io\/pt\/doencas\/ginecologicas\/cervicite\/#primaryimage"},"thumbnailUrl":"https:\/\/storage.googleapis.com\/dev_wiki_voka_io_303011\/articles\/en\/gynecology\/cervicitis\/diffuse-endocervicitis.webp","inLanguage":"pt-PT"},{"@type":"WebPage","@id":"https:\/\/wiki.voka.io\/pt\/doencas\/ginecologicas\/cervicite\/","url":"https:\/\/wiki.voka.io\/pt\/doencas\/ginecologicas\/cervicite\/","name":"Cervicite: Causas, sintomas, sinais, diagn\u00f3stico e tratamento","isPartOf":{"@id":"https:\/\/wiki.voka.io\/pt\/#website"},"primaryImageOfPage":{"@id":"https:\/\/wiki.voka.io\/pt\/doencas\/ginecologicas\/cervicite\/#primaryimage"},"image":{"@id":"https:\/\/wiki.voka.io\/pt\/doencas\/ginecologicas\/cervicite\/#primaryimage"},"thumbnailUrl":"https:\/\/storage.googleapis.com\/dev_wiki_voka_io_303011\/articles\/en\/gynecology\/cervicitis\/diffuse-endocervicitis.webp","datePublished":"2025-07-23T12:16:43+00:00","dateModified":"2025-07-24T09:58:38+00:00","description":"A cervicite \u00e9 uma s\u00edndrome cl\u00ednica caracterizada por uma inflama\u00e7\u00e3o do epit\u00e9lio cervical. Manifesta\u00e7\u00f5es cl\u00ednicas, diagn\u00f3stico e tratamento.","breadcrumb":{"@id":"https:\/\/wiki.voka.io\/pt\/doencas\/ginecologicas\/cervicite\/#breadcrumb"},"inLanguage":"pt-PT","potentialAction":[{"@type":"ReadAction","target":["https:\/\/wiki.voka.io\/pt\/doencas\/ginecologicas\/cervicite\/"]}]},{"@type":"ImageObject","inLanguage":"pt-PT","@id":"https:\/\/wiki.voka.io\/pt\/doencas\/ginecologicas\/cervicite\/#primaryimage","url":"https:\/\/storage.googleapis.com\/dev_wiki_voka_io_303011\/articles\/en\/gynecology\/cervicitis\/diffuse-endocervicitis.webp","contentUrl":"https:\/\/storage.googleapis.com\/dev_wiki_voka_io_303011\/articles\/en\/gynecology\/cervicitis\/diffuse-endocervicitis.webp"},{"@type":"BreadcrumbList","@id":"https:\/\/wiki.voka.io\/pt\/doencas\/ginecologicas\/cervicite\/#breadcrumb","itemListElement":[{"@type":"ListItem","position":1,"name":"Home","item":"https:\/\/wiki.voka.io\/pt\/"},{"@type":"ListItem","position":2,"name":"Diseases posts","item":"https:\/\/wiki.voka.io\/pt\/doencas\/%diseases_category%\/"},{"@type":"ListItem","position":3,"name":"Cervicite: etiologia, Sintomatologia, diagn\u00f3stico, tratamento"}]},{"@type":"WebSite","@id":"https:\/\/wiki.voka.io\/pt\/#website","url":"https:\/\/wiki.voka.io\/pt\/","name":"Voka Wiki","description":"","publisher":{"@id":"https:\/\/wiki.voka.io\/pt\/#organization"},"alternateName":"Anatomy & Pathology Wiki by VOKA","potentialAction":[{"@type":"SearchAction","target":{"@type":"EntryPoint","urlTemplate":"https:\/\/wiki.voka.io\/pt\/?s={search_term_string}"},"query-input":{"@type":"PropertyValueSpecification","valueRequired":true,"valueName":"search_term_string"}}],"inLanguage":"pt-PT"},{"@type":"Organization","@id":"https:\/\/wiki.voka.io\/pt\/#organization","name":"Voka 3D Anatomy & Pathology","alternateName":"VOKA","url":"https:\/\/wiki.voka.io\/pt\/","logo":{"@type":"ImageObject","inLanguage":"pt-PT","@id":"https:\/\/wiki.voka.io\/pt\/#\/schema\/logo\/image\/","url":"https:\/\/wiki.voka.io\/wp-content\/uploads\/2025\/02\/cropped-voka-logo-1.png","contentUrl":"https:\/\/wiki.voka.io\/wp-content\/uploads\/2025\/02\/cropped-voka-logo-1.png","width":70,"height":16,"caption":"Voka 3D Anatomy & Pathology"},"image":{"@id":"https:\/\/wiki.voka.io\/pt\/#\/schema\/logo\/image\/"},"sameAs":["https:\/\/www.facebook.com\/VOKA3DAnatomyAndPathology\/","https:\/\/www.instagram.com\/voka.io\/","https:\/\/www.linkedin.com\/company\/voka-io\/","https:\/\/www.youtube.com\/channel\/UCqGGuOEpr62ScH8Pjk2q5zw\/videos","https:\/\/www.pinterest.com\/VokaAnatomyPro\/","https:\/\/www.threads.com\/@voka.io"],"description":"VOKA.io offers 3D medical animations and custom 3D modeling services. Our product, VOKA 3D Anatomy & Pathology, is a digital atlas with over 1,000 detailed 3D models of human anatomy and pathology, designed for medical education, training, and patient communication.","email":"info@voka.io","telephone":"+1 814 351 4442","legalName":"Voka 3D Anatomy & Pathology","foundingDate":"2017-02-12","naics":"541512","numberOfEmployees":{"@type":"QuantitativeValue","minValue":"51","maxValue":"200"},"publishingPrinciples":"https:\/\/wiki.voka.io\/pt\/principios-de-publicacao\/"},{"@type":"Person","@id":"https:\/\/wiki.voka.io\/pt\/#\/schema\/person\/d04503ecdd61b2f6c240df6ab8b6f3d3","name":"Daria G.","image":{"@type":"ImageObject","inLanguage":"pt-PT","@id":"https:\/\/wiki.voka.io\/pt\/#\/schema\/person\/image\/","url":"https:\/\/secure.gravatar.com\/avatar\/1faab9091e9e12b98ab4611e0e933edce775a5bbe4d7e27819593886426e21f3?s=96&d=mm&r=g","contentUrl":"https:\/\/secure.gravatar.com\/avatar\/1faab9091e9e12b98ab4611e0e933edce775a5bbe4d7e27819593886426e21f3?s=96&d=mm&r=g","caption":"Daria G."}}]}},"_links":{"self":[{"href":"https:\/\/wiki.voka.io\/pt\/wp-json\/wp\/v2\/diseases_post\/955","targetHints":{"allow":["GET"]}}],"collection":[{"href":"https:\/\/wiki.voka.io\/pt\/wp-json\/wp\/v2\/diseases_post"}],"about":[{"href":"https:\/\/wiki.voka.io\/pt\/wp-json\/wp\/v2\/types\/diseases_post"}],"author":[{"embeddable":true,"href":"https:\/\/wiki.voka.io\/pt\/wp-json\/wp\/v2\/users\/5"}],"wp:attachment":[{"href":"https:\/\/wiki.voka.io\/pt\/wp-json\/wp\/v2\/media?parent=955"}],"wp:term":[{"taxonomy":"diseases_category","embeddable":true,"href":"https:\/\/wiki.voka.io\/pt\/wp-json\/wp\/v2\/diseases_category?post=955"}],"curies":[{"name":"wp","href":"https:\/\/api.w.org\/{rel}","templated":true}]}}