{"id":948,"date":"2025-07-23T11:42:59","date_gmt":"2025-07-23T08:42:59","guid":{"rendered":"https:\/\/wiki.voka.io\/diseases\/uncategorized\/laringite-cronica\/"},"modified":"2025-07-30T15:24:43","modified_gmt":"2025-07-30T12:24:43","slug":"laringite-cronica","status":"publish","type":"diseases_post","link":"https:\/\/wiki.voka.io\/pt\/doencas\/otorrinolaringologicas\/laringite-cronica\/","title":{"rendered":"Laringite cr\u00f3nica: Etiologia, classifica\u00e7\u00e3o, diagn\u00f3stico e tratamento"},"content":{"rendered":"<p>A <span class=\"glossary-term\" data-title=\"Laringite\" data-tooltip=\"A laringite \u00e9 uma inflama\u00e7\u00e3o da membrana mucosa da laringe, que afeta com maior frequ\u00eancia as pregas vocais. O principal sintoma dessa condi\u00e7\u00e3o \u00e9 a disfun\u00e7\u00e3o vocal: rouquid\u00e3o (disfonia) que pode chegar \u00e0 perda completa da voz (afonia).\" data-link=\"https:\/\/wiki.voka.io\/pt\/glossary\/laringite\/\">laringite<\/span> cr\u00f3nica \u00e9 um grupo de doen\u00e7as inflamat\u00f3rias persistentes da laringe (que duram mais de 3 semanas) causadas pela exposi\u00e7\u00e3o prolongada a factores irritantes. As formas da doen\u00e7a diferem na etiologia (causa) e na natureza das altera\u00e7\u00f5es patomorfol\u00f3gicas da mucosa \u2013 desde a <span class=\"glossary-term\" data-title=\"Inflama\u00e7\u00e3o catarral\" data-tooltip=\"A inflama\u00e7\u00e3o catarral \u00e9 uma inflama\u00e7\u00e3o exsudativa que se desenvolve exclusivamente nas membranas mucosas. A sua principal caracter\u00edstica \u00e9 a forma\u00e7\u00e3o abundante de exsudato l\u00edquido, que pode ser seroso (aquoso) ou mucoso, e o vermelhid\u00e3o do local da inflama\u00e7\u00e3o.\" data-link=\"https:\/\/wiki.voka.io\/pt\/glossario\/inflamacao-catarral\/\">inflama\u00e7\u00e3o catarral<\/span> at\u00e9 \u00e0 <span class=\"glossary-term\" data-title=\"Hiperplasia\" data-tooltip=\"A hiperplasia \u00e9 o aumento do volume de um tecido ou \u00f3rg\u00e3o devido \u00e0 produ\u00e7\u00e3o excessiva de seus elementos estruturais (c\u00e9lulas).\" data-link=\"https:\/\/wiki.voka.io\/pt\/glossario\/hiperplasia\/\">hiperplasia<\/span> ou <span class=\"glossary-term\" data-title=\"Atrofia\" data-tooltip=\"Atrofia \u00e9 uma redu\u00e7\u00e3o ao longo da vida no tamanho de c\u00e9lulas, tecidos ou \u00f3rg\u00e3os, acompanhada por uma diminui\u00e7\u00e3o ou falha da fun\u00e7\u00e3o. Este \u00e9 um processo adquirido, em contraste com o subdesenvolvimento cong\u00eanito, chamado hipoplasia ou aplasia.\" data-link=\"https:\/\/wiki.voka.io\/pt\/glossario\/atrofia\/\">atrofia<\/span>. A identifica\u00e7\u00e3o exacta da forma determina as t\u00e1cticas de tratamento e o progn\u00f3stico.  <\/p>\n<h2 class=\"wp-block-heading\" id=\"classificacao\">Classifica\u00e7\u00e3o<\/h2>\n<p>As principais formas cl\u00ednicas, morfol\u00f3gicas e etiol\u00f3gicas da laringite cr\u00f3nica incluem:<\/p>\n<ul class=\"wp-block-list\">\n<li><strong>A laringite catarral cr\u00f3nica<\/strong> \u00e9 a forma mais comum de inflama\u00e7\u00e3o cr\u00f3nica da laringe, caracterizada por uma inflama\u00e7\u00e3o persistente e moderada da mucosa sem atrofia ou hipertrofia;<\/li>\n<li><strong>Laringite de refluxo<\/strong> (laringite posterior) \u2013 inflama\u00e7\u00e3o da membrana mucosa da laringe no contexto de conte\u00fados g\u00e1stricos lan\u00e7ados para a laringe;<\/li>\n<li><strong>A laringite atr\u00f3fica<\/strong> \u00e9 uma doen\u00e7a inflamat\u00f3ria cr\u00f3nica da laringe, que se caracteriza pelo adelga\u00e7amento e atrofia da membrana mucosa;<\/li>\n<li><strong>A laringomicose<\/strong> \u00e9 uma inflama\u00e7\u00e3o f\u00fangica da laringe; <\/li>\n<li><strong>A laringite cr\u00f3nica hiperpl\u00e1sica <\/strong>\u00e9 um tipo de laringite cr\u00f3nica em que existe um crescimento excessivo do tecido da laringe. <\/li>\n<\/ul>\n<h2 class=\"wp-block-heading\" id=\"laringite-catarral-cronica\"><strong>Laringite catarral cr\u00f3nica <\/strong><\/h2>\n<h3 class=\"wp-block-heading\" id=\"etiologia-da-laringite-catarral-cronica\"><strong>Etiologia da laringite catarral cr\u00f3nica<\/strong><\/h3>\n<p>Na maioria das vezes, a causa da laringite catarral cr\u00f3nica \u00e9 o tabagismo, o aumento da carga vocal e os alerg\u00e9nios. O processo inflamat\u00f3rio pode propagar-se a partir da <span class=\"glossary-term\" data-title=\"Nasofaringe\" data-tooltip=\"A nasofaringe (em latim: pars nasalis pharyngis) \u00e9 a parte superior da faringe, exclusivamente respirat\u00f3ria, localizada logo atr\u00e1s da abertura nasal posterior, acima do palato mole. Superiormente, o seu teto limita-se com a base do cr\u00e2nio (ossos esfenoide e occipital). Ao contr\u00e1rio das partes oral e lar\u00edngea da faringe, a nasofaringe n\u00e3o participa no processo de degluti\u00e7\u00e3o.\" data-link=\"https:\/\/wiki.voka.io\/pt\/glossario\/nasofaringe\/\">nasofaringe<\/span> e da orofaringe, do trato respirat\u00f3rio inferior. A <span class=\"glossary-term\" data-title=\"Sinusite\" data-tooltip=\"A sinusite (do latim &quot;sinus&quot;) \u00e9 uma inflama\u00e7\u00e3o da membrana mucosa que reveste um ou mais seios paranasais. Como o processo inflamat\u00f3rio quase sempre afeta a membrana mucosa da cavidade nasal (rinite), a pr\u00e1tica m\u00e9dica moderna utiliza um termo mais preciso: rinossinusite.\" data-link=\"https:\/\/wiki.voka.io\/pt\/glossario\/sinusite\/\">sinusite<\/span> recorrente, a rinite, a traque\u00edte e a bronquite podem levar a uma laringite cr\u00f3nica.   <\/p>\n<p>As seguintes bact\u00e9rias s\u00e3o encontradas em doentes com laringite cr\u00f3nica: <em>Staphylococcus aureus<\/em>, <em>Haemophilus influenza<\/em>, <em>Candida albicans<\/em>, <em>Moraxella nonliquefaciens<\/em>, <em>Neisseria meningitidis<\/em>, <em>Streptococcus pneumonia<\/em>, <em>Lactobacillus spp<\/em>, <em>Helicobacter pylori<\/em>.<\/p>\n<h3 class=\"wp-block-heading\" id=\"anatomia-da-laringite-catarral-cronica\"><strong>Anatomia da laringite catarral cr\u00f3nica<\/strong><\/h3>\n<p>O desenvolvimento da laringite cr\u00f3nica \u00e9 o resultado de uma resposta a subst\u00e2ncias irritantes. <\/p>\n<p>Na laringite catarral cr\u00f3nica, o epit\u00e9lio da laringe \u00e9 hiperpl\u00e1sico, ocorre <span class=\"glossary-term\" data-title=\"Edema\" data-tooltip=\"O edema \u00e9 uma acumula\u00e7\u00e3o excessiva de l\u00edquido nos espa\u00e7os intercelulares (intersticiais) dos tecidos ou nas cavidades serosas do corpo. Clinicamente, manifesta-se por incha\u00e7o, aumento do volume de um \u00f3rg\u00e3o ou de uma parte do corpo. \" data-link=\"https:\/\/wiki.voka.io\/pt\/glossario\/edema\/\">edema<\/span> submucoso e catarro. A membrana mucosa torna-se lisa e hiper\u00e9mica. As pregas vocais s\u00e3o hiper\u00e9micas, espessadas, n\u00e3o est\u00e3o totalmente fechadas durante a fona\u00e7\u00e3o, h\u00e1 muco nos seios peric\u00e1rdicos.  <\/p>\n<h3 class=\"wp-block-heading\" id=\"quadro-clinico-na-laringite-catarral-cronica\"><strong>Quadro cl\u00ednico na laringite catarral cr\u00f3nica<\/strong><\/h3>\n<p>Na laringite catarral cr\u00f3nica, os principais<strong> sintomas <\/strong>s\u00e3o:<\/p>\n<ul class=\"wp-block-list\">\n<li><span class=\"glossary-term\" data-title=\"Disfonia\" data-tooltip=\"A disfonia \u00e9 qualquer dist\u00farbio vocal qualitativo que altera a altura, o volume, o timbre ou a clareza da voz. Este termo descreve uma ampla gama de dist\u00farbios da voz, desde uma leve rouquid\u00e3o at\u00e9 uma rouquid\u00e3o severa, tendo como forma extrema a afonia \u2014 perda completa da voz.\" data-link=\"https:\/\/wiki.voka.io\/pt\/glossario\/disfonia\/\">Rouquid\u00e3o da voz<\/span>, altera\u00e7\u00e3o do timbre;<\/li>\n<li>Cansa\u00e7o r\u00e1pido da voz;<\/li>\n<li>Tosse seca;<\/li>\n<li>A tua garganta arranha.<\/li>\n<\/ul>\n<h3 class=\"wp-block-heading\" id=\"diagnostico-da-laringite-catarral-cronica\"><strong>Diagn\u00f3stico da laringite catarral cr\u00f3nica<\/strong><\/h3>\n<p>O diagn\u00f3stico baseia-se na hist\u00f3ria e no exame cl\u00ednico. Dependendo do equipamento da cl\u00ednica, \u00e9 realizada uma laringoscopia indireta ou uma v\u00eddeo-endoscopia da laringe.  <\/p>\n<h3 class=\"wp-block-heading\" id=\"tratamento-da-laringite-catarral-cronica\"><strong>Tratamento da laringite catarral cr\u00f3nica<\/strong><\/h3>\n<p>O primeiro e mais importante passo no tratamento da laringite catarral \u00e9 identificar e eliminar a causa da inflama\u00e7\u00e3o. Recomenda-se a cessa\u00e7\u00e3o do tabagismo e a redu\u00e7\u00e3o da carga vocal.  <\/p>\n<p>Se a infe\u00e7\u00e3o se propagar a partir do trato respirat\u00f3rio superior ou inferior, o foco principal deve ser higienizado. <\/p>\n<p>Inala\u00e7\u00f5es com solu\u00e7\u00f5es salinas, medicamentos antibacterianos, se necess\u00e1rio \u2013 glucocorticoster\u00f3ides s\u00e3o recomendados para controlar a inflama\u00e7\u00e3o. <\/p>\n<h2 class=\"wp-block-heading\" id=\"laringite-de-refluxo\"><strong>Laringite de refluxo <\/strong><\/h2>\n<h3 class=\"wp-block-heading\" id=\"etiologia-da-laringite-de-refluxo\"><strong>Etiologia da laringite de refluxo<\/strong><\/h3>\n<p>Na laringite de refluxo, o fator etiol\u00f3gico \u00e9 a insufici\u00eancia da c\u00e1rdia e o efluxo do \u00e1cido clor\u00eddrico e dos seus vapores para o trato respirat\u00f3rio superior. <\/p>\n<h3 class=\"wp-block-heading\" id=\"anatomia-da-laringite-de-refluxo\"><strong>Anatomia da laringite de refluxo<\/strong><\/h3>\n<p>A laringite de refluxo caracteriza-se por hiperemia e edema no espa\u00e7o interescapular, acumula\u00e7\u00e3o de muco nos seios peric\u00e1rdicos. <\/p>\n<h3 class=\"wp-block-heading\" id=\"quadro-clinico-da-laringite-de-refluxo\"><strong>Quadro cl\u00ednico da laringite de refluxo<\/strong><\/h3>\n<p>A laringite de refluxo caracteriza-se pelos seguintes <strong>sintomas<\/strong>:<\/p>\n<ul class=\"wp-block-list\">\n<li>Um n\u00f3 na garganta;<\/li>\n<li>Rouquid\u00e3o;<\/li>\n<li>Dor atr\u00e1s do esterno;<\/li>\n<li>Poss\u00edvel azia (embora este n\u00e3o seja um sintoma fi\u00e1vel).<\/li>\n<\/ul>\n<p>As queixas aumentam \u00e0 noite, durante o sono. <\/p>\n<h3 class=\"wp-block-heading\" id=\"diagnostico-da-laringite-de-refluxo\"><strong>Diagn\u00f3stico da laringite de refluxo<\/strong><\/h3>\n<p>O diagn\u00f3stico baseia-se na hist\u00f3ria e no exame cl\u00ednico. Dependendo do equipamento da cl\u00ednica, \u00e9 realizada uma laringoscopia indireta ou uma v\u00eddeo-endoscopia da laringe.  Em caso de laringite de refluxo, \u00e9 necess\u00e1rio consultar um gastroenterologista, realizar FGDS e Ph-metry do es\u00f3fago. <\/p>\n<h3 class=\"wp-block-heading\" id=\"tratamento-da-laringite-de-refluxo\"><strong>Tratamento da laringite de refluxo<\/strong><\/h3>\n<p>Em caso de laringite de refluxo, o tratamento adequado \u00e9 prescrito por um gastroenterologista (redu\u00e7\u00e3o da acidez do suco g\u00e1strico). <\/p>\n<p>Para reduzir a inflama\u00e7\u00e3o da laringe recomenda a inala\u00e7\u00e3o com solu\u00e7\u00f5es salinas, medicamentos antibacterianos, se necess\u00e1rio \u2013 glucocorticoster\u00f3ides. <\/p>\n<h2 class=\"wp-block-heading\" id=\"laringite-atrofica\"><strong>Laringite atr\u00f3fica <\/strong><\/h2>\n<h3 class=\"wp-block-heading\" id=\"etiologia-da-laringite-atrofica\"><strong>Etiologia da laringite atr\u00f3fica<\/strong><\/h3>\n<p>A laringite atr\u00f3fica \u00e9 mais frequente em doentes idosos, com altera\u00e7\u00f5es hormonais (menopausa), com trabalho prolongado em condi\u00e7\u00f5es nocivas (aumento do p\u00f3, produtos qu\u00edmicos nocivos). <\/p>\n<h3 class=\"wp-block-heading\" id=\"anatomia-da-laringite-atrofica\"><strong>Anatomia da laringite atr\u00f3fica<\/strong><\/h3>\n<p>A laringite atr\u00f3fica reduz o n\u00famero de gl\u00e2ndulas mucosas da laringe. A mucosa torna-se semelhante a um pergaminho, fina, perde o brilho e forma-se um muco viscoso espesso na superf\u00edcie. As pregas vocais tamb\u00e9m se tornam mais finas e, durante a fona\u00e7\u00e3o, fecham-se de forma incompleta, formando uma fenda oval no centro.   <\/p>\n<h3 class=\"wp-block-heading\" id=\"quadro-clinico-da-laringite-atrofica\"><strong>Quadro cl\u00ednico da laringite atr\u00f3fica<\/strong><\/h3>\n<p>A laringite atr\u00f3fica caracteriza-se pelos seguintes<strong> sintomas<\/strong>:<\/p>\n<ul class=\"wp-block-list\">\n<li>Tosse seca e inchada, transpira\u00e7\u00e3o;<\/li>\n<li>Rouquid\u00e3o da voz de v\u00e1rios graus, at\u00e9 \u00e0 afonia;<\/li>\n<li>A sensa\u00e7\u00e3o de um n\u00f3 na garganta.<\/li>\n<\/ul>\n<h3 class=\"wp-block-heading\" id=\"diagnostico-de-laringite-atrofica\"><strong>Diagn\u00f3stico de laringite atr\u00f3fica<\/strong><\/h3>\n<p>O diagn\u00f3stico baseia-se na hist\u00f3ria e no exame cl\u00ednico. Dependendo do equipamento da cl\u00ednica, \u00e9 realizada uma laringoscopia indireta ou uma v\u00eddeo-endoscopia da laringe.  <\/p>\n<h3 class=\"wp-block-heading\" id=\"tratamento-da-laringite-atrofica\"><strong>Tratamento da laringite atr\u00f3fica<\/strong><\/h3>\n<p>Na laringite atr\u00f3fica, recomenda-se a humidifica\u00e7\u00e3o constante da mucosa com solu\u00e7\u00f5es salinas sob a forma de inala\u00e7\u00f5es ou irriga\u00e7\u00e3o com solu\u00e7\u00f5es oleosas. Observa-se um bom efeito da irriga\u00e7\u00e3o da mucosa com solu\u00e7\u00f5es de iodo, quando aplicadas, em resposta \u00e0 irrita\u00e7\u00e3o da mucosa, \u00e9 produzido mais muco.  <\/p>\n<h2 class=\"wp-block-heading\" id=\"laringomicose\"><strong>Laringomicose <\/strong><\/h2>\n<h3 class=\"wp-block-heading\" id=\"etiologia-da-laringomicose\"><strong>Etiologia da laringomicose<\/strong><\/h3>\n<p>A laringomicose \u00e9 causada pela cronicidade de uma laringite f\u00fangica aguda. Desenvolve-se em casos de terapia n\u00e3o tratada ou inadequadamente selecionada de fungos do g\u00e9nero <em>Candida<\/em>, <em>Aspergillus<\/em>, <em>Penicillium<\/em>. Observa-se mais frequentemente em doentes com imunodefici\u00eancia ou que tomam constantemente corticoster\u00f3ides inalados.  <\/p>\n<h3 class=\"wp-block-heading\" id=\"anatomia-da-laringomicose\"><strong>Anatomia da laringomicose<\/strong><\/h3>\n<p>Na laringite f\u00fangica causada por Candida, observam-se dep\u00f3sitos brancos semelhantes a carac\u00f3is na mucosa hiper\u00e9mica, mais frequentemente na epiglote. Na aspergilose, observam-se col\u00f3nias de cor preta na mucosa irritada. <\/p>\n<h3 class=\"wp-block-heading\" id=\"quadro-clinico-da-laringomicose\"><strong>Quadro cl\u00ednico da laringomicose <\/strong><\/h3>\n<p>A laringomicose apresenta os seguintes<strong> sintomas<\/strong>:<\/p>\n<ul class=\"wp-block-list\">\n<li>Dificuldade em engolir;<\/li>\n<li>Rouquid\u00e3o da voz;<\/li>\n<li>Comich\u00e3o na garganta;<\/li>\n<li>Tens mau h\u00e1lito.<\/li>\n<\/ul>\n<h3 class=\"wp-block-heading\" id=\"diagnostico-da-laringomicose\"><strong>Diagn\u00f3stico da laringomicose<\/strong><\/h3>\n<p>O diagn\u00f3stico baseia-se na hist\u00f3ria e no exame cl\u00ednico. Dependendo do equipamento da cl\u00ednica, \u00e9 realizada uma laringoscopia indireta ou uma v\u00eddeo-endoscopia da laringe.  \u00c9 efectuado um estudo bacteriol\u00f3gico da mucosa lar\u00edngea para identificar o agente causador e determinar a sensibilidade aos medicamentos. <\/p>\n<h3 class=\"wp-block-heading\" id=\"tratamento-da-laringomicose\"><strong>Tratamento da laringomicose<\/strong><\/h3>\n<p>Para tratar a laringite f\u00fangica, s\u00e3o prescritos medicamentos antimic\u00f3ticos t\u00f3picos ou sist\u00e9micos.<\/p>\n<p>Recomenda-se a inala\u00e7\u00e3o de solu\u00e7\u00f5es salinas para humedecer a mucosa lar\u00edngea.<\/p>\n<h2 class=\"wp-block-heading\" id=\"laringite-hiperplasica-cronica\"><strong>Laringite hiperpl\u00e1sica cr\u00f3nica <\/strong><\/h2>\n<p>Este grupo de doen\u00e7as inclui a laringite hiperpl\u00e1sica comum e a laringite cr\u00f3nica edematosa-polipose (edema de Reinke). No entanto, alguns autores distinguem o edema de Reinke tamb\u00e9m em neoplasias benignas da laringe.  <\/p>\n<h3 class=\"wp-block-heading\" id=\"etiologia-da-laringite-hiperplasica-cronica\"><strong>Etiologia da laringite hiperpl\u00e1sica cr\u00f3nica<\/strong><\/h3>\n<p>Este grupo de doen\u00e7as ocorre predominantemente em pacientes com profiss\u00f5es da voz que usam a voz de forma incorrecta e a sobrecarregam.<\/p>\n<p>Tamb\u00e9m \u00e9 comum em fumadores e alco\u00f3licos. Menos frequentemente em pessoas com factores de produ\u00e7\u00e3o nocivos (poeiras, solu\u00e7\u00f5es de tintas, t\u00eaxteis e pele).  <\/p>\n<h3 class=\"wp-block-heading\" id=\"anatomia-da-laringite-hiperplasica-cronica\"><strong>Anatomia da laringite hiperpl\u00e1sica cr\u00f3nica<\/strong><\/h3>\n<p>A laringite hiperpl\u00e1sica generalizada \u00e9 caracterizada por uma hiperplasia maci\u00e7a da mucosa lar\u00edngea, diferentes partes da laringe engrossam simetricamente. Mais frequentemente \u2013 o bordo livre das pregas vocais, a zona da cartilagem da concha, o espa\u00e7o intercarpal. Devido ao crescimento excessivo, o l\u00famen da laringe pode ser significativamente estreitado. A mucosa \u00e9 hiper\u00e9mica, irregular.    <\/p>\n<p>Na laringite edematosa-polipose, observa-se edema v\u00edtreo bilateral de todo o bordo livre das pregas vocais. Durante a fona\u00e7\u00e3o, estas n\u00e3o se fecham completamente e o l\u00famen da laringe pode ser estreitado devido ao crescimento excessivo da mucosa. <\/p>\n<figure class=\"wp-block-image size-large\"><img decoding=\"async\" src=\"https:\/\/storage.googleapis.com\/dev_wiki_voka_io_303011\/articles\/en\/otorhinolaryngology\/chronic-laryngitis\/edematous-polypoid-laryngitis.webp\" alt=\"Laringite de polipose incha\u00e7o\"><figcaption class=\"wp-element-caption\">Laringite edema-polipose \u2013 <a href=\"https:\/\/catalog.voka.io\/en\/models\/8861ee9e-a330-4451-856d-1de6ead27805\/29429083-0e92-41ac-adf4-244625eb9e79\/91539d96-2806-45a4-bd89-d19eae4aad58\/d1c62e3e-539d-408b-acde-3a672d1273c4\" target=\"_blank\" rel=\"noreferrer noopener nofollow\">Modelo 3D<\/a><\/figcaption><\/figure>\n<h3 class=\"wp-block-heading\" id=\"quadro-clinico-na-laringite-hiperplasica-cronica\"><strong>Quadro cl\u00ednico na laringite hiperpl\u00e1sica cr\u00f3nica<\/strong><\/h3>\n<p>Todas as doen\u00e7as deste grupo s\u00e3o caracterizadas pelos seguintes <strong>sintomas<\/strong> comuns:<\/p>\n<ul class=\"wp-block-list\">\n<li>Rouquid\u00e3o da voz e altera\u00e7\u00f5es do seu timbre;<\/li>\n<li>Tosse seca prolongada;<\/li>\n<li>A sensa\u00e7\u00e3o de um n\u00f3 na garganta.<\/li>\n<\/ul>\n<p> Em caso de hiperplasia grave, pode desenvolver-se afonia ou <span class=\"glossary-term\" data-title=\"Estenose\" data-tooltip=\"Estenose (do grego \u03c3\u03c4\u03ad\u03bd\u03c9\u03c3\u03b9\u03c2 \u2014 estreitamento, compress\u00e3o) \u00e9 um estreitamento patol\u00f3gico e persistente do l\u00famen de qualquer forma\u00e7\u00e3o anat\u00f4mica oca (vaso sangu\u00edneo, v\u00e1lvula card\u00edaca, trato digestivo, trato respirat\u00f3rio ou canal espinhal).\" data-link=\"https:\/\/wiki.voka.io\/pt\/glossario\/estenose\/\">estenose<\/span> lar\u00edngea.<\/p>\n<h3 class=\"wp-block-heading\" id=\"diagnostico-da-laringite-hiperplasica-cronica\"><strong>Diagn\u00f3stico da laringite hiperpl\u00e1sica cr\u00f3nica<\/strong><\/h3>\n<p>O diagn\u00f3stico baseia-se na hist\u00f3ria e no exame cl\u00ednico. Dependendo do equipamento da cl\u00ednica, \u00e9 realizada uma laringoscopia indireta ou uma v\u00eddeo-endoscopia da laringe. <\/p>\n<figure class=\"wp-block-video\" id=\"animacao-3d-laringite-cronica-edema-polipose\"><video controls><source data-src=\"https:\/\/storage.googleapis.com\/dev_wiki_voka_io_303011\/articles\/en\/otorhinolaryngology\/chronic-laryngitis\/chronic-edematous-polypoid-laryngitis.webm\" type=\"video\/webm\"><\/source><\/video><figcaption class=\"wp-element-caption\">Anima\u00e7\u00e3o 3D \u2013 Laringite cr\u00f3nica edema-polipose<\/figcaption><\/figure>\n<p>A <span class=\"glossary-term\" data-title=\"Bi\u00f3psia\" data-tooltip=\"A bi\u00f3psia (do grego bios - vida e opsis - olhar) \u00e9 um m\u00e9todo de investiga\u00e7\u00e3o em que c\u00e9lulas ou tecidos (amostra de bi\u00f3psia) s\u00e3o retirados de um organismo para fins de diagn\u00f3stico. O material obtido \u00e9 submetido a um exame microsc\u00f3pico, na maioria das vezes histol\u00f3gico. \" data-link=\"https:\/\/wiki.voka.io\/pt\/glossario\/biopsia\/\">bi\u00f3psia<\/span> com exame histol\u00f3gico \u00e9 uma fase obrigat\u00f3ria do tratamento, que \u00e9 mais frequentemente efectuada intra-operatoriamente. <\/p>\n<div class=\"social-banner-block\">\n<div class=\"social-banner-content\">\n<p class=\"h5-title text-black\">Encontra mais conte\u00fados cientificamente exactos nas nossas redes sociais<\/p>\n<p><span class=\"social-banner-text text-grey\">Subscreve e n\u00e3o percas os recursos mais recentes<\/span><\/p>\n<div class=\"social-links-wrapper\"><a class=\"social-icon-link\" href=\"https:\/\/www.facebook.com\/VOKA3DAnatomyAndPathology\/\" target=\"_blank\" rel=\"nofollow noopener\"><img decoding=\"async\" src=\"https:\/\/storage.googleapis.com\/dev_wiki_voka_io_303011\/common\/Social%20Icons\/facebook.svg\" alt=\"social link\"><\/a><a class=\"social-icon-link\" href=\"https:\/\/www.instagram.com\/voka.io\/\" target=\"_blank\" rel=\"nofollow noopener\"><img decoding=\"async\" src=\"https:\/\/storage.googleapis.com\/dev_wiki_voka_io_303011\/common\/Social%20Icons\/insta.svg\" alt=\"social link\"><\/a><a class=\"social-icon-link\" href=\"https:\/\/www.linkedin.com\/company\/voka-io\/posts\/?feedView=all\" target=\"_blank\" rel=\"nofollow noopener\"><img decoding=\"async\" src=\"https:\/\/storage.googleapis.com\/dev_wiki_voka_io_303011\/common\/Social%20Icons\/linkedin.svg\" alt=\"social link\"><\/a><a class=\"social-icon-link\" href=\"https:\/\/www.youtube.com\/@vokaio\" target=\"_blank\" rel=\"nofollow noopener\"><img decoding=\"async\" src=\"https:\/\/storage.googleapis.com\/dev_wiki_voka_io_303011\/common\/Social%20Icons\/youtube.svg\" alt=\"social link\"><\/a><a class=\"social-icon-link\" href=\"https:\/\/www.pinterest.com\/voka3danatomyandpathology\/\" target=\"_blank\" rel=\"nofollow noopener\"><img decoding=\"async\" src=\"https:\/\/storage.googleapis.com\/dev_wiki_voka_io_303011\/common\/Social%20Icons\/pinterest.svg\" alt=\"social link\"><\/a><a class=\"social-icon-link\" href=\"https:\/\/www.tiktok.com\/@voka.io\" target=\"_blank\" rel=\"nofollow noopener\"><img decoding=\"async\" src=\"https:\/\/storage.googleapis.com\/dev_wiki_voka_io_303011\/common\/Social%20Icons\/tiktok.svg\" alt=\"social link\"><\/a><a class=\"social-icon-link\" href=\"https:\/\/discord.gg\/7ejUpq8DRR\" target=\"_blank\" rel=\"nofollow noopener\"><img decoding=\"async\" src=\"https:\/\/storage.googleapis.com\/dev_wiki_voka_io_303011\/common\/Social%20Icons\/discord.svg\" alt=\"social link\"><\/a><\/div>\n<\/div>\n<p><img decoding=\"async\" class=\"social-banner-image\" loading=\"lazy\" src=\"https:\/\/storage.googleapis.com\/dev_wiki_voka_io_303011\/common\/social-media-banner-mobile-image.webp\" alt=\"Banner background\"><\/div>\n<h3 class=\"wp-block-heading\" id=\"tratamento-da-laringite-hiperplasica-cronica\"><strong>Tratamento da laringite hiperpl\u00e1sica cr\u00f3nica<\/strong><\/h3>\n<p>Inicialmente, todos os doentes s\u00e3o aconselhados a excluir factores causais como o tabaco e o \u00e1lcool, o aumento da carga vocal ou ambientes de trabalho nocivos. <\/p>\n<p>Para os profissionais da voz, est\u00e3o previstas sess\u00f5es com foniatras. <\/p>\n<p>O tratamento \u00e9 normalmente combinado, consistindo em medica\u00e7\u00e3o e remo\u00e7\u00e3o cir\u00fargica. <\/p>\n<p>A terapia conservadora inclui:<\/p>\n<ul class=\"wp-block-list\">\n<li><strong>Inala\u00e7\u00e3o<\/strong> com solu\u00e7\u00f5es isot\u00f3nicas, corticoster\u00f3ides, se necess\u00e1rio \u2013 medicamentos anti-s\u00e9pticos ou antibacterianos;<\/li>\n<li><strong>Infus\u00f5es intralar\u00edngeas<\/strong> de medicamentos.<\/li>\n<\/ul>\n<p>O tratamento cir\u00fargico consiste na remo\u00e7\u00e3o mec\u00e2nica do tecido alterado, existindo v\u00e1rias formas: <\/p>\n<ul class=\"wp-block-list\">\n<li><strong>O m\u00e9todo \u201ca frio\u201d<\/strong> consiste na disseca\u00e7\u00e3o de tecidos com microinstrumentos, tais como pin\u00e7as, mordedores, microdebridadores. A vantagem deste tipo de m\u00e9todo \u00e9 a possibilidade de obter material para exame histol\u00f3gico. As desvantagens s\u00e3o o grande volume de tecido removido e a possibilidade de danificar a pr\u00f3pria corda vocal, o que levar\u00e1 a dist\u00farbios irrevers\u00edveis da voz.   <\/li>\n<li>O <strong>laser de CO2<\/strong> \u00e9 o \u201cpadr\u00e3o de ouro\u201d do tratamento, deixando uma superf\u00edcie m\u00ednima da ferida e facilitando uma recupera\u00e7\u00e3o r\u00e1pida. Recomenda-se que seja efectuado ap\u00f3s um exame histol\u00f3gico preliminar do tecido patol\u00f3gico (biopsia). <\/li>\n<\/ul>\n<p>Ap\u00f3s a excis\u00e3o cir\u00fargica, o repouso vocal \u00e9 indicado para uma melhor recupera\u00e7\u00e3o. <\/p>\n<div>\n<h2 class=\"faq-title h2-article\" id=\"faq\">FAQ<\/h2>\n<div class=\"faq-section\">\n<div class=\"faq-item faq-answer-hidden\">\n<div class=\"question-block\">\n<div class=\"faq-question\">\n<p class=\" text-black h5-title\">1. Que sintomas s\u00e3o carater\u00edsticos da laringite cr\u00f3nica?<\/p>\n<\/div>\n<div class=\"faq-answer text-main-text-color main-text-medium\">A laringite cr\u00f3nica manifesta-se por rouquid\u00e3o da voz, altera\u00e7\u00f5es do seu timbre, cansa\u00e7o r\u00e1pido da voz, tosse seca e congest\u00e3o da garganta. Se a doen\u00e7a se prolongar por muito tempo, pode surgir afonia, bem como uma sensa\u00e7\u00e3o de n\u00f3 na garganta. <\/div>\n<\/div>\n<div class=\"expand-button-wrapper\"><button class=\"text-accent expand-button\">+<\/button><\/div>\n<\/div>\n<div class=\"faq-item faq-answer-hidden\">\n<div class=\"question-block\">\n<div class=\"faq-question\">\n<p class=\" text-black h5-title\">2. Qual pode ser a causa da laringite cr\u00f3nica?<\/p>\n<\/div>\n<div class=\"faq-answer text-main-text-color main-text-medium\">A principal causa da laringite cr\u00f3nica \u00e9 o tabagismo, o aumento da carga vocal, a exposi\u00e7\u00e3o a alerg\u00e9nios e as doen\u00e7as inflamat\u00f3rias cr\u00f3nicas do trato respirat\u00f3rio superior. A doen\u00e7a pode tamb\u00e9m estar associada ao refluxo do conte\u00fado g\u00e1strico. <\/div>\n<\/div>\n<div class=\"expand-button-wrapper\"><button class=\"text-accent expand-button\">+<\/button><\/div>\n<\/div>\n<div class=\"faq-item faq-answer-hidden\">\n<div class=\"question-block\">\n<div class=\"faq-question\">\n<p class=\" text-black h5-title\">3. Que complica\u00e7\u00f5es podem ocorrer com a laringite cr\u00f3nica?<\/p>\n<\/div>\n<div class=\"faq-answer text-main-text-color main-text-medium\">A laringite cr\u00f3nica pode levar a complica\u00e7\u00f5es como afonia (perda de voz), estenose lar\u00edngea e les\u00f5es pr\u00e9-cancerosas se n\u00e3o for tratada durante longos per\u00edodos de tempo.<\/div>\n<\/div>\n<div class=\"expand-button-wrapper\"><button class=\"text-accent expand-button\">+<\/button><\/div>\n<\/div>\n<div class=\"faq-item faq-answer-hidden\">\n<div class=\"question-block\">\n<div class=\"faq-question\">\n<p class=\" text-black h5-title\">4. Que orienta\u00e7\u00f5es cl\u00ednicas existem para o tratamento da laringite cr\u00f3nica?<\/p>\n<\/div>\n<div class=\"faq-answer text-main-text-color main-text-medium\">Para tratar a laringite cr\u00f3nica, \u00e9 importante deixar de fumar e reduzir a carga vocal. Recomenda-se um acompanhamento regular com um m\u00e9dico otorrinolaringologista, bem como inala\u00e7\u00f5es com solu\u00e7\u00f5es salinas ou corticoster\u00f3ides. Em caso de infe\u00e7\u00e3o bacteriana, s\u00e3o utilizados medicamentos antibacterianos conforme indicado. Para os profissionais da voz, \u00e9 \u00fatil uma forma\u00e7\u00e3o com um foniatra.   <\/div>\n<\/div>\n<div class=\"expand-button-wrapper\"><button class=\"text-accent expand-button\">+<\/button><\/div>\n<\/div>\n<\/div>\n<p><script type=\"application\/ld+json\">\n    {\n    \"@context\": \"https:\/\/schema.org\",\n    \"@type\": \"FAQPage\",\n    \"mainEntity\": [\n        {\n            \"@type\": \"Question\",\n            \"name\": \"Que sintomas s\u00e3o carater\u00edsticos da laringite cr\u00f3nica?\",\n            \"acceptedAnswer\": {\n                \"@type\": \"Answer\",\n                \"text\": \"A laringite cr\u00f3nica manifesta-se por rouquid\u00e3o da voz, altera\u00e7\u00f5es do seu timbre, cansa\u00e7o r\u00e1pido da voz, tosse seca e congest\u00e3o da garganta. Se a doen\u00e7a se prolongar por muito tempo, pode surgir afonia, bem como uma sensa\u00e7\u00e3o de n\u00f3 na garganta. \"\n            }\n        },\n        {\n            \"@type\": \"Question\",\n            \"name\": \"Qual pode ser a causa da laringite cr\u00f3nica?\",\n            \"acceptedAnswer\": {\n                \"@type\": \"Answer\",\n                \"text\": \"A principal causa da laringite cr\u00f3nica \u00e9 o tabagismo, o aumento da carga vocal, a exposi\u00e7\u00e3o a alerg\u00e9nios e as doen\u00e7as inflamat\u00f3rias cr\u00f3nicas do trato respirat\u00f3rio superior. A doen\u00e7a pode tamb\u00e9m estar associada ao refluxo do conte\u00fado g\u00e1strico. \"\n            }\n        },\n        {\n            \"@type\": \"Question\",\n            \"name\": \"Que complica\u00e7\u00f5es podem ocorrer com a laringite cr\u00f3nica?\",\n            \"acceptedAnswer\": {\n                \"@type\": \"Answer\",\n                \"text\": \"A laringite cr\u00f3nica pode levar a complica\u00e7\u00f5es como afonia (perda de voz), estenose lar\u00edngea e les\u00f5es pr\u00e9-cancerosas se n\u00e3o for tratada durante longos per\u00edodos de tempo.\"\n            }\n        },\n        {\n            \"@type\": \"Question\",\n            \"name\": \"Que orienta\u00e7\u00f5es cl\u00ednicas existem para o tratamento da laringite cr\u00f3nica?\",\n            \"acceptedAnswer\": {\n                \"@type\": \"Answer\",\n                \"text\": \"Para tratar a laringite cr\u00f3nica, \u00e9 importante deixar de fumar e reduzir a carga vocal. Recomenda-se um acompanhamento regular com um m\u00e9dico otorrinolaringologista, bem como inala\u00e7\u00f5es com solu\u00e7\u00f5es salinas ou corticoster\u00f3ides. Em caso de infe\u00e7\u00e3o bacteriana, s\u00e3o utilizados medicamentos antibacterianos conforme indicado. Para os profissionais da voz, \u00e9 \u00fatil uma forma\u00e7\u00e3o com um foniatra.   \"\n            }\n        }\n    ]\n}<\/script><\/div>\n<div class=\"sources-list-block sources-list-hidden\" id=\"lista-de-fontes\">\n<div class=\"sources-list-content\">\n<div class=\"sources-list-title\">\n<p class=\"small-text-bold text-black sources-list-title-text\">Lista de fontes<\/p>\n<div class=\"sources-expand-button-wrapper-mobile\">\n<div class=\"sources-expand-button\"><svg width=\"32\" height=\"32\" viewbox=\"0 0 32 32\" fill=\"none\" xmlns=\"http:\/\/www.w3.org\/2000\/svg\"><path d=\"M8 12L16 20L24 12\" stroke=\"#8C9AAB\" stroke-width=\"2\" stroke-linecap=\"round\" stroke-linejoin=\"round\"><\/path><\/svg><\/div>\n<\/div>\n<\/div>\n<div class=\"sources-list-items\">\n<div class=\"source-item\">\n<p class=\"main-text-semibold text-black\">1.<\/p>\n<div class=\"source-item-content\">\n<p class=\"main-text-semibold text-black\">Cat\u00e1logo VOKA.  <\/p>\n<p><span class=\"small-text-medium text-grey\">https:\/\/catalog.voka.io\/ <\/span><\/div>\n<\/div>\n<div class=\"source-item\">\n<p class=\"main-text-semibold text-black\">2.<\/p>\n<div class=\"source-item-content\">\n<p class=\"main-text-semibold text-black\">Total Otolaryngology\u2014Head and Neck Surgery, Anthony P. Sclafani, Robin A. Dyleski, Michael J. Pitman, Stimson P. Schantz. Thieme Medical Publishers, Inc., 2015. ISBN 978-1-60406-646-3.<\/p>\n<\/div>\n<\/div>\n<div class=\"source-item\">\n<p class=\"main-text-semibold text-black\">3.<\/p>\n<div class=\"source-item-content\">\n<p class=\"main-text-semibold text-black\">\u0411\u0435\u0440\u0431\u043e\u043c \u0425. \u0411\u043e\u043b\u0435\u0437\u043d\u0438 \u0443\u0445\u0430, \u0433\u043e\u0440\u043b\u0430 \u0438 \u043d\u043e\u0441\u0430 \/ \u0425\u0430\u043d\u0441 \u0411\u0435\u0440\u0431\u043e\u043c, \u041e\u043b\u0438\u0432\u0435\u0440 \u041a\u0430\u0448\u043a\u0435, \u0422\u0430\u0434\u0435\u0443\u0441 \u041d\u0430\u0432\u043a\u0430, \u042d\u043d\u0434\u0440\u044e \u0421\u0432\u0438\u0444\u0442; \u043f\u0435\u0440. \u0441 \u0430\u043d\u0433\u043b. \u2013 2-\u0435 \u0438\u0437\u0434. \u2013 \u041c. : \u041c\u0415\u0414\u043f\u0440\u0435c\u0441-\u0438\u043d\u0444\u043e\u0440\u043c, 2016. \u2013 776 \u0441. : \u0438\u043b. ISBN 978-5-00030- 322-1.     <\/p>\n<\/div>\n<\/div>\n<div class=\"source-item\">\n<p class=\"main-text-semibold text-black\">4.<\/p>\n<div class=\"source-item-content\">\n<p class=\"main-text-semibold text-black\">Jett\u00e9 M. Toward an Understanding of the Pathophysiology of Chronic Laryngitis. Perspect ASHA Spec Interest Groups. 2016 Mar;1(3):14-25. doi: 10.1044\/persp1.sig3.14. Epub 2016 Mar 1. PMID: 32864454; PMCID: PMC7451247.     <\/p>\n<\/div>\n<\/div>\n<div class=\"source-item\">\n<p class=\"main-text-semibold text-black\">5.<\/p>\n<div class=\"source-item-content\">\n<p class=\"main-text-semibold text-black\">Stein DJ, Noordzij JP. Incidence of chronic laryngitis. Ann Otol Rhinol Laryngol. 2013 Dec;122(12):771-4. doi: 10.1177\/000348941312201207. PMID: 24592580.     <\/p>\n<\/div>\n<\/div>\n<div class=\"source-item\">\n<p class=\"main-text-semibold text-black\">6.<\/p>\n<div class=\"source-item-content\">\n<p class=\"main-text-semibold text-black\">Zhukhovitskaya A, Verma SP. Identification and Management of Chronic Laryngitis. Otolaryngol Clin North Am. 2019 Aug;52(4):607-616. doi: 10.1016\/j.otc.2019.03.004. Epub 2019 May 14. PMID: 31101358.      <\/p>\n<\/div>\n<\/div>\n<div class=\"source-item\">\n<p class=\"main-text-semibold text-black\">7.<\/p>\n<div class=\"source-item-content\">\n<p class=\"main-text-semibold text-black\">Gur\u0103u, P. Endoscopic approach to hyperplastic laryngeal lesions: a literature review and personal experience. Egypt J Otolaryngol 39, 124 (2023).  https:\/\/doi.org\/10.1186\/s43163-023-00490-4.<\/p>\n<\/div>\n<\/div>\n<\/div>\n<\/div>\n<div class=\"sources-expand-button-wrapper\">\n<div class=\"sources-expand-button\"><svg width=\"32\" height=\"32\" viewbox=\"0 0 32 32\" fill=\"none\" xmlns=\"http:\/\/www.w3.org\/2000\/svg\"><path d=\"M8 12L16 20L24 12\" stroke=\"#8C9AAB\" stroke-width=\"2\" stroke-linecap=\"round\" stroke-linejoin=\"round\"><\/path><\/svg><\/div>\n<\/div>\n<\/div>\n","protected":false},"excerpt":{"rendered":"<p>A laringite cr\u00f3nica \u00e9 um grupo de doen\u00e7as inflamat\u00f3rias persistentes da laringe (que duram mais de 3 semanas) causadas pela exposi\u00e7\u00e3o prolongada a factores irritantes. As formas da doen\u00e7a diferem na etiologia (causa) e na natureza das altera\u00e7\u00f5es patomorfol\u00f3gicas da mucosa \u2013 desde a inflama\u00e7\u00e3o catarral at\u00e9 \u00e0 hiperplasia ou atrofia. A identifica\u00e7\u00e3o exacta da [&hellip;]<\/p>\n","protected":false},"author":4,"featured_media":0,"template":"","diseases_category":[301],"class_list":["post-948","diseases_post","type-diseases_post","status-publish","hentry","diseases_category-otorrinolaringologicas"],"acf":[],"yoast_head":"<!-- This site is optimized with the Yoast SEO Premium plugin v25.0 (Yoast SEO v26.5) - https:\/\/yoast.com\/wordpress\/plugins\/seo\/ -->\n<title>Laringite cr\u00f3nica: Sintomas, causas, diagn\u00f3stico e tratamento<\/title>\n<meta name=\"description\" content=\"A laringite cr\u00f3nica \u00e9 um grupo de doen\u00e7as inflamat\u00f3rias persistentes da laringe. Etiologia, sintomas, diagn\u00f3stico e tratamento das formas de laringite cr\u00f3nica.\" \/>\n<meta name=\"robots\" content=\"index, follow, max-snippet:-1, max-image-preview:large, max-video-preview:-1\" \/>\n<link rel=\"canonical\" href=\"https:\/\/wiki.voka.io\/pt\/doencas\/otorrinolaringologicas\/laringite-cronica\/\" \/>\n<meta property=\"og:locale\" content=\"pt_PT\" \/>\n<meta property=\"og:type\" content=\"article\" \/>\n<meta property=\"og:title\" content=\"Laringite cr\u00f3nica: Etiologia, classifica\u00e7\u00e3o, diagn\u00f3stico e tratamento\" \/>\n<meta property=\"og:description\" content=\"A laringite cr\u00f3nica \u00e9 um grupo de doen\u00e7as inflamat\u00f3rias persistentes da laringe. Etiologia, sintomas, diagn\u00f3stico e tratamento das formas de laringite cr\u00f3nica.\" \/>\n<meta property=\"og:url\" content=\"https:\/\/wiki.voka.io\/pt\/doencas\/otorrinolaringologicas\/laringite-cronica\/\" \/>\n<meta property=\"og:site_name\" content=\"Voka Wiki\" \/>\n<meta property=\"article:publisher\" content=\"https:\/\/www.facebook.com\/VOKA3DAnatomyAndPathology\/\" \/>\n<meta property=\"article:modified_time\" content=\"2025-07-30T12:24:43+00:00\" \/>\n<meta property=\"og:image\" content=\"https:\/\/storage.googleapis.com\/dev_wiki_voka_io_303011\/articles\/en\/otorhinolaryngology\/chronic-laryngitis\/edematous-polypoid-laryngitis.webp\" \/>\n<meta name=\"twitter:card\" content=\"summary_large_image\" \/>\n<meta name=\"twitter:label1\" content=\"Tempo estimado de leitura\" \/>\n\t<meta name=\"twitter:data1\" content=\"9 minutos\" \/>\n<script type=\"application\/ld+json\" class=\"yoast-schema-graph\">{\"@context\":\"https:\/\/schema.org\",\"@graph\":[{\"@type\":\"Article\",\"@id\":\"https:\/\/wiki.voka.io\/pt\/doencas\/otorrinolaringologicas\/laringite-cronica\/#article\",\"isPartOf\":{\"@id\":\"https:\/\/wiki.voka.io\/pt\/doencas\/otorrinolaringologicas\/laringite-cronica\/\"},\"author\":{\"name\":\"Danata A.\",\"@id\":\"https:\/\/wiki.voka.io\/pt\/#\/schema\/person\/75a01428a2e97375c0facaaeba432542\"},\"headline\":\"Laringite cr\u00f3nica: Etiologia, classifica\u00e7\u00e3o, diagn\u00f3stico e tratamento\",\"datePublished\":\"2025-07-23T08:42:59+00:00\",\"dateModified\":\"2025-07-30T12:24:43+00:00\",\"mainEntityOfPage\":{\"@id\":\"https:\/\/wiki.voka.io\/pt\/doencas\/otorrinolaringologicas\/laringite-cronica\/\"},\"wordCount\":1715,\"publisher\":{\"@id\":\"https:\/\/wiki.voka.io\/pt\/#organization\"},\"image\":{\"@id\":\"https:\/\/wiki.voka.io\/pt\/doencas\/otorrinolaringologicas\/laringite-cronica\/#primaryimage\"},\"thumbnailUrl\":\"https:\/\/storage.googleapis.com\/dev_wiki_voka_io_303011\/articles\/en\/otorhinolaryngology\/chronic-laryngitis\/edematous-polypoid-laryngitis.webp\",\"inLanguage\":\"pt-PT\"},{\"@type\":\"WebPage\",\"@id\":\"https:\/\/wiki.voka.io\/pt\/doencas\/otorrinolaringologicas\/laringite-cronica\/\",\"url\":\"https:\/\/wiki.voka.io\/pt\/doencas\/otorrinolaringologicas\/laringite-cronica\/\",\"name\":\"Laringite cr\u00f3nica: Sintomas, causas, diagn\u00f3stico e tratamento\",\"isPartOf\":{\"@id\":\"https:\/\/wiki.voka.io\/pt\/#website\"},\"primaryImageOfPage\":{\"@id\":\"https:\/\/wiki.voka.io\/pt\/doencas\/otorrinolaringologicas\/laringite-cronica\/#primaryimage\"},\"image\":{\"@id\":\"https:\/\/wiki.voka.io\/pt\/doencas\/otorrinolaringologicas\/laringite-cronica\/#primaryimage\"},\"thumbnailUrl\":\"https:\/\/storage.googleapis.com\/dev_wiki_voka_io_303011\/articles\/en\/otorhinolaryngology\/chronic-laryngitis\/edematous-polypoid-laryngitis.webp\",\"datePublished\":\"2025-07-23T08:42:59+00:00\",\"dateModified\":\"2025-07-30T12:24:43+00:00\",\"description\":\"A laringite cr\u00f3nica \u00e9 um grupo de doen\u00e7as inflamat\u00f3rias persistentes da laringe. Etiologia, sintomas, diagn\u00f3stico e tratamento das formas de laringite cr\u00f3nica.\",\"breadcrumb\":{\"@id\":\"https:\/\/wiki.voka.io\/pt\/doencas\/otorrinolaringologicas\/laringite-cronica\/#breadcrumb\"},\"inLanguage\":\"pt-PT\",\"potentialAction\":[{\"@type\":\"ReadAction\",\"target\":[\"https:\/\/wiki.voka.io\/pt\/doencas\/otorrinolaringologicas\/laringite-cronica\/\"]}]},{\"@type\":\"ImageObject\",\"inLanguage\":\"pt-PT\",\"@id\":\"https:\/\/wiki.voka.io\/pt\/doencas\/otorrinolaringologicas\/laringite-cronica\/#primaryimage\",\"url\":\"https:\/\/storage.googleapis.com\/dev_wiki_voka_io_303011\/articles\/en\/otorhinolaryngology\/chronic-laryngitis\/edematous-polypoid-laryngitis.webp\",\"contentUrl\":\"https:\/\/storage.googleapis.com\/dev_wiki_voka_io_303011\/articles\/en\/otorhinolaryngology\/chronic-laryngitis\/edematous-polypoid-laryngitis.webp\"},{\"@type\":\"BreadcrumbList\",\"@id\":\"https:\/\/wiki.voka.io\/pt\/doencas\/otorrinolaringologicas\/laringite-cronica\/#breadcrumb\",\"itemListElement\":[{\"@type\":\"ListItem\",\"position\":1,\"name\":\"Home\",\"item\":\"https:\/\/wiki.voka.io\/pt\/\"},{\"@type\":\"ListItem\",\"position\":2,\"name\":\"Diseases posts\",\"item\":\"https:\/\/wiki.voka.io\/pt\/doencas\/%diseases_category%\/\"},{\"@type\":\"ListItem\",\"position\":3,\"name\":\"Laringite cr\u00f3nica: Etiologia, classifica\u00e7\u00e3o, diagn\u00f3stico e tratamento\"}]},{\"@type\":\"WebSite\",\"@id\":\"https:\/\/wiki.voka.io\/pt\/#website\",\"url\":\"https:\/\/wiki.voka.io\/pt\/\",\"name\":\"Voka Wiki\",\"description\":\"\",\"publisher\":{\"@id\":\"https:\/\/wiki.voka.io\/pt\/#organization\"},\"alternateName\":\"Anatomy & Pathology Wiki by VOKA\",\"potentialAction\":[{\"@type\":\"SearchAction\",\"target\":{\"@type\":\"EntryPoint\",\"urlTemplate\":\"https:\/\/wiki.voka.io\/pt\/?s={search_term_string}\"},\"query-input\":{\"@type\":\"PropertyValueSpecification\",\"valueRequired\":true,\"valueName\":\"search_term_string\"}}],\"inLanguage\":\"pt-PT\"},{\"@type\":\"Organization\",\"@id\":\"https:\/\/wiki.voka.io\/pt\/#organization\",\"name\":\"Voka 3D Anatomy & Pathology\",\"alternateName\":\"VOKA\",\"url\":\"https:\/\/wiki.voka.io\/pt\/\",\"logo\":{\"@type\":\"ImageObject\",\"inLanguage\":\"pt-PT\",\"@id\":\"https:\/\/wiki.voka.io\/pt\/#\/schema\/logo\/image\/\",\"url\":\"https:\/\/wiki.voka.io\/wp-content\/uploads\/2025\/02\/cropped-voka-logo-1.png\",\"contentUrl\":\"https:\/\/wiki.voka.io\/wp-content\/uploads\/2025\/02\/cropped-voka-logo-1.png\",\"width\":70,\"height\":16,\"caption\":\"Voka 3D Anatomy & Pathology\"},\"image\":{\"@id\":\"https:\/\/wiki.voka.io\/pt\/#\/schema\/logo\/image\/\"},\"sameAs\":[\"https:\/\/www.facebook.com\/VOKA3DAnatomyAndPathology\/\",\"https:\/\/www.instagram.com\/voka.io\/\",\"https:\/\/www.linkedin.com\/company\/voka-io\/\",\"https:\/\/www.youtube.com\/channel\/UCqGGuOEpr62ScH8Pjk2q5zw\/videos\",\"https:\/\/www.pinterest.com\/VokaAnatomyPro\/\",\"https:\/\/www.threads.com\/@voka.io\"],\"description\":\"VOKA.io offers 3D medical animations and custom 3D modeling services. Our product, VOKA 3D Anatomy & Pathology, is a digital atlas with over 1,000 detailed 3D models of human anatomy and pathology, designed for medical education, training, and patient communication.\",\"email\":\"info@voka.io\",\"telephone\":\"+1 814 351 4442\",\"legalName\":\"Voka 3D Anatomy & Pathology\",\"foundingDate\":\"2017-02-12\",\"naics\":\"541512\",\"numberOfEmployees\":{\"@type\":\"QuantitativeValue\",\"minValue\":\"51\",\"maxValue\":\"200\"},\"publishingPrinciples\":\"https:\/\/wiki.voka.io\/pt\/principios-de-publicacao\/\"},{\"@type\":\"Person\",\"@id\":\"https:\/\/wiki.voka.io\/pt\/#\/schema\/person\/75a01428a2e97375c0facaaeba432542\",\"name\":\"Danata A.\",\"image\":{\"@type\":\"ImageObject\",\"inLanguage\":\"pt-PT\",\"@id\":\"https:\/\/wiki.voka.io\/pt\/#\/schema\/person\/image\/\",\"url\":\"https:\/\/secure.gravatar.com\/avatar\/17b61e87bc892ef9555b6080655463c63eb46025ed870850eaa2472678817ed6?s=96&d=mm&r=g\",\"contentUrl\":\"https:\/\/secure.gravatar.com\/avatar\/17b61e87bc892ef9555b6080655463c63eb46025ed870850eaa2472678817ed6?s=96&d=mm&r=g\",\"caption\":\"Danata A.\"}}]}<\/script>\n<!-- \/ Yoast SEO Premium plugin. -->","yoast_head_json":{"title":"Laringite cr\u00f3nica: Sintomas, causas, diagn\u00f3stico e tratamento","description":"A laringite cr\u00f3nica \u00e9 um grupo de doen\u00e7as inflamat\u00f3rias persistentes da laringe. Etiologia, sintomas, diagn\u00f3stico e tratamento das formas de laringite cr\u00f3nica.","robots":{"index":"index","follow":"follow","max-snippet":"max-snippet:-1","max-image-preview":"max-image-preview:large","max-video-preview":"max-video-preview:-1"},"canonical":"https:\/\/wiki.voka.io\/pt\/doencas\/otorrinolaringologicas\/laringite-cronica\/","og_locale":"pt_PT","og_type":"article","og_title":"Laringite cr\u00f3nica: Etiologia, classifica\u00e7\u00e3o, diagn\u00f3stico e tratamento","og_description":"A laringite cr\u00f3nica \u00e9 um grupo de doen\u00e7as inflamat\u00f3rias persistentes da laringe. Etiologia, sintomas, diagn\u00f3stico e tratamento das formas de laringite cr\u00f3nica.","og_url":"https:\/\/wiki.voka.io\/pt\/doencas\/otorrinolaringologicas\/laringite-cronica\/","og_site_name":"Voka Wiki","article_publisher":"https:\/\/www.facebook.com\/VOKA3DAnatomyAndPathology\/","article_modified_time":"2025-07-30T12:24:43+00:00","og_image":[{"url":"https:\/\/storage.googleapis.com\/dev_wiki_voka_io_303011\/articles\/en\/otorhinolaryngology\/chronic-laryngitis\/edematous-polypoid-laryngitis.webp","type":"","width":"","height":""}],"twitter_card":"summary_large_image","twitter_misc":{"Tempo estimado de leitura":"9 minutos"},"schema":{"@context":"https:\/\/schema.org","@graph":[{"@type":"Article","@id":"https:\/\/wiki.voka.io\/pt\/doencas\/otorrinolaringologicas\/laringite-cronica\/#article","isPartOf":{"@id":"https:\/\/wiki.voka.io\/pt\/doencas\/otorrinolaringologicas\/laringite-cronica\/"},"author":{"name":"Danata A.","@id":"https:\/\/wiki.voka.io\/pt\/#\/schema\/person\/75a01428a2e97375c0facaaeba432542"},"headline":"Laringite cr\u00f3nica: Etiologia, classifica\u00e7\u00e3o, diagn\u00f3stico e tratamento","datePublished":"2025-07-23T08:42:59+00:00","dateModified":"2025-07-30T12:24:43+00:00","mainEntityOfPage":{"@id":"https:\/\/wiki.voka.io\/pt\/doencas\/otorrinolaringologicas\/laringite-cronica\/"},"wordCount":1715,"publisher":{"@id":"https:\/\/wiki.voka.io\/pt\/#organization"},"image":{"@id":"https:\/\/wiki.voka.io\/pt\/doencas\/otorrinolaringologicas\/laringite-cronica\/#primaryimage"},"thumbnailUrl":"https:\/\/storage.googleapis.com\/dev_wiki_voka_io_303011\/articles\/en\/otorhinolaryngology\/chronic-laryngitis\/edematous-polypoid-laryngitis.webp","inLanguage":"pt-PT"},{"@type":"WebPage","@id":"https:\/\/wiki.voka.io\/pt\/doencas\/otorrinolaringologicas\/laringite-cronica\/","url":"https:\/\/wiki.voka.io\/pt\/doencas\/otorrinolaringologicas\/laringite-cronica\/","name":"Laringite cr\u00f3nica: Sintomas, causas, diagn\u00f3stico e tratamento","isPartOf":{"@id":"https:\/\/wiki.voka.io\/pt\/#website"},"primaryImageOfPage":{"@id":"https:\/\/wiki.voka.io\/pt\/doencas\/otorrinolaringologicas\/laringite-cronica\/#primaryimage"},"image":{"@id":"https:\/\/wiki.voka.io\/pt\/doencas\/otorrinolaringologicas\/laringite-cronica\/#primaryimage"},"thumbnailUrl":"https:\/\/storage.googleapis.com\/dev_wiki_voka_io_303011\/articles\/en\/otorhinolaryngology\/chronic-laryngitis\/edematous-polypoid-laryngitis.webp","datePublished":"2025-07-23T08:42:59+00:00","dateModified":"2025-07-30T12:24:43+00:00","description":"A laringite cr\u00f3nica \u00e9 um grupo de doen\u00e7as inflamat\u00f3rias persistentes da laringe. Etiologia, sintomas, diagn\u00f3stico e tratamento das formas de laringite cr\u00f3nica.","breadcrumb":{"@id":"https:\/\/wiki.voka.io\/pt\/doencas\/otorrinolaringologicas\/laringite-cronica\/#breadcrumb"},"inLanguage":"pt-PT","potentialAction":[{"@type":"ReadAction","target":["https:\/\/wiki.voka.io\/pt\/doencas\/otorrinolaringologicas\/laringite-cronica\/"]}]},{"@type":"ImageObject","inLanguage":"pt-PT","@id":"https:\/\/wiki.voka.io\/pt\/doencas\/otorrinolaringologicas\/laringite-cronica\/#primaryimage","url":"https:\/\/storage.googleapis.com\/dev_wiki_voka_io_303011\/articles\/en\/otorhinolaryngology\/chronic-laryngitis\/edematous-polypoid-laryngitis.webp","contentUrl":"https:\/\/storage.googleapis.com\/dev_wiki_voka_io_303011\/articles\/en\/otorhinolaryngology\/chronic-laryngitis\/edematous-polypoid-laryngitis.webp"},{"@type":"BreadcrumbList","@id":"https:\/\/wiki.voka.io\/pt\/doencas\/otorrinolaringologicas\/laringite-cronica\/#breadcrumb","itemListElement":[{"@type":"ListItem","position":1,"name":"Home","item":"https:\/\/wiki.voka.io\/pt\/"},{"@type":"ListItem","position":2,"name":"Diseases posts","item":"https:\/\/wiki.voka.io\/pt\/doencas\/%diseases_category%\/"},{"@type":"ListItem","position":3,"name":"Laringite cr\u00f3nica: Etiologia, classifica\u00e7\u00e3o, diagn\u00f3stico e tratamento"}]},{"@type":"WebSite","@id":"https:\/\/wiki.voka.io\/pt\/#website","url":"https:\/\/wiki.voka.io\/pt\/","name":"Voka Wiki","description":"","publisher":{"@id":"https:\/\/wiki.voka.io\/pt\/#organization"},"alternateName":"Anatomy & Pathology Wiki by VOKA","potentialAction":[{"@type":"SearchAction","target":{"@type":"EntryPoint","urlTemplate":"https:\/\/wiki.voka.io\/pt\/?s={search_term_string}"},"query-input":{"@type":"PropertyValueSpecification","valueRequired":true,"valueName":"search_term_string"}}],"inLanguage":"pt-PT"},{"@type":"Organization","@id":"https:\/\/wiki.voka.io\/pt\/#organization","name":"Voka 3D Anatomy & Pathology","alternateName":"VOKA","url":"https:\/\/wiki.voka.io\/pt\/","logo":{"@type":"ImageObject","inLanguage":"pt-PT","@id":"https:\/\/wiki.voka.io\/pt\/#\/schema\/logo\/image\/","url":"https:\/\/wiki.voka.io\/wp-content\/uploads\/2025\/02\/cropped-voka-logo-1.png","contentUrl":"https:\/\/wiki.voka.io\/wp-content\/uploads\/2025\/02\/cropped-voka-logo-1.png","width":70,"height":16,"caption":"Voka 3D Anatomy & Pathology"},"image":{"@id":"https:\/\/wiki.voka.io\/pt\/#\/schema\/logo\/image\/"},"sameAs":["https:\/\/www.facebook.com\/VOKA3DAnatomyAndPathology\/","https:\/\/www.instagram.com\/voka.io\/","https:\/\/www.linkedin.com\/company\/voka-io\/","https:\/\/www.youtube.com\/channel\/UCqGGuOEpr62ScH8Pjk2q5zw\/videos","https:\/\/www.pinterest.com\/VokaAnatomyPro\/","https:\/\/www.threads.com\/@voka.io"],"description":"VOKA.io offers 3D medical animations and custom 3D modeling services. Our product, VOKA 3D Anatomy & Pathology, is a digital atlas with over 1,000 detailed 3D models of human anatomy and pathology, designed for medical education, training, and patient communication.","email":"info@voka.io","telephone":"+1 814 351 4442","legalName":"Voka 3D Anatomy & Pathology","foundingDate":"2017-02-12","naics":"541512","numberOfEmployees":{"@type":"QuantitativeValue","minValue":"51","maxValue":"200"},"publishingPrinciples":"https:\/\/wiki.voka.io\/pt\/principios-de-publicacao\/"},{"@type":"Person","@id":"https:\/\/wiki.voka.io\/pt\/#\/schema\/person\/75a01428a2e97375c0facaaeba432542","name":"Danata A.","image":{"@type":"ImageObject","inLanguage":"pt-PT","@id":"https:\/\/wiki.voka.io\/pt\/#\/schema\/person\/image\/","url":"https:\/\/secure.gravatar.com\/avatar\/17b61e87bc892ef9555b6080655463c63eb46025ed870850eaa2472678817ed6?s=96&d=mm&r=g","contentUrl":"https:\/\/secure.gravatar.com\/avatar\/17b61e87bc892ef9555b6080655463c63eb46025ed870850eaa2472678817ed6?s=96&d=mm&r=g","caption":"Danata A."}}]}},"_links":{"self":[{"href":"https:\/\/wiki.voka.io\/pt\/wp-json\/wp\/v2\/diseases_post\/948","targetHints":{"allow":["GET"]}}],"collection":[{"href":"https:\/\/wiki.voka.io\/pt\/wp-json\/wp\/v2\/diseases_post"}],"about":[{"href":"https:\/\/wiki.voka.io\/pt\/wp-json\/wp\/v2\/types\/diseases_post"}],"author":[{"embeddable":true,"href":"https:\/\/wiki.voka.io\/pt\/wp-json\/wp\/v2\/users\/4"}],"wp:attachment":[{"href":"https:\/\/wiki.voka.io\/pt\/wp-json\/wp\/v2\/media?parent=948"}],"wp:term":[{"taxonomy":"diseases_category","embeddable":true,"href":"https:\/\/wiki.voka.io\/pt\/wp-json\/wp\/v2\/diseases_category?post=948"}],"curies":[{"name":"wp","href":"https:\/\/api.w.org\/{rel}","templated":true}]}}