{"id":898,"date":"2025-04-03T12:05:47","date_gmt":"2025-04-03T09:05:47","guid":{"rendered":"https:\/\/wiki.voka.io\/diseases\/uncategorized\/apikalnaya-granulema\/"},"modified":"2025-12-29T13:11:25","modified_gmt":"2025-12-29T10:11:25","slug":"granuloma-apical","status":"publish","type":"diseases_post","link":"https:\/\/wiki.voka.io\/pt\/doencas\/dentarias\/granuloma-apical\/","title":{"rendered":"Granuloma apical: Etiologia, anatomia, apresenta\u00e7\u00e3o cl\u00ednica e tratamento"},"content":{"rendered":"<p>O granuloma apical \u00e9 a forma mais comum de periodontite apical cr\u00f3nica, que \u00e9 uma les\u00e3o inflamat\u00f3ria com tecido granulomatoso e predomin\u00e2ncia de linf\u00f3citos, macr\u00f3fagos e plasm\u00f3citos.<\/p>\n<p>A periodontite apical cr\u00f3nica \u00e9 um processo inflamat\u00f3rio de longa dura\u00e7\u00e3o nos tecidos que rodeiam o \u00e1pice da raiz do dente, que \u00e9 acompanhado por reabsor\u00e7\u00e3o \u00f3ssea periapical radiol\u00f3gica, mas que n\u00e3o manifesta sintomas cl\u00ednicos.<\/p>\n<h2 class=\"wp-block-heading\" id=\"a-etiologia\"><strong>A etiologia<\/strong><\/h2>\n<p>A inflama\u00e7\u00e3o cr\u00f3nica na zona periapical \u00e9 causada principalmente por uma infe\u00e7\u00e3o bacteriana dos canais radiculares do dente. Em dentes que n\u00e3o foram submetidos a interven\u00e7\u00e3o endod\u00f4ntica anteriormente, a periodontite apical \u00e9 uma rea\u00e7\u00e3o protetora a uma infe\u00e7\u00e3o prim\u00e1ria na polpa necr\u00f3tica. Al\u00e9m disso, o fator etiol\u00f3gico pode ser uma infe\u00e7\u00e3o secund\u00e1ria que penetrou no sistema de canais radiculares devido ao tratamento endod\u00f4ntico (isolamento de m\u00e1 qualidade durante o tratamento, obtura\u00e7\u00e3o inadequada, hermeticidade coronal insuficiente). A extrus\u00e3o de produtos qu\u00edmicos e de material de obtura\u00e7\u00e3o para al\u00e9m da abertura apical pode causar danos t\u00f3xicos nos tecidos. O talco, os sais de c\u00e1lcio, a celulose dos alfinetes de papel e as fibras de algod\u00e3o podem provocar a forma\u00e7\u00e3o de granuloma de c\u00e9lulas gigantes do corpo estranho. Al\u00e9m disso, os corpos estranhos na \u00e1rea periapical podem ser uma fonte de biofilme bacteriano.      <\/p>\n<h3 class=\"wp-block-heading\" id=\"especies-microbianas-encontradas-em-dentes-com-periodontite-apical\"><strong>Esp\u00e9cies microbianas encontradas em dentes com periodontite apical:<\/strong><\/h3>\n<ul class=\"wp-block-list\">\n<li>Em infec\u00e7\u00f5es prim\u00e1rias: g\u00e9neros <em>Dialister, Bacteroides, Pseudoramibacter, Porphyromonas, Treponema, Filifactor, Tannerella, Prevotella, Enterococcus, Veilonella, Olsenella, Pyramidobacter, Campylobacter, Propionibacterium, Streptococcus, Parvimonas, Fusobacterium, Eikenella, Actinomyces<\/em>;<\/li>\n<li>Em dentes previamente tratados: <em>Enterococcus faecalis<\/em> (a esp\u00e9cie mais frequentemente detectada), <em>Pseudoramibacter alactolyticus, Propionibacterium, Filifactor alocis, Dialister pneumosintes, Tannerella forsythia, Parvimonas micra, Prevotella intermedia, Treponema denticola, Candida albicans<\/em>.<\/li>\n<\/ul>\n<p>A polpa necrosada nos canais radiculares \u00e9 um espa\u00e7o ideal para a coloniza\u00e7\u00e3o bacteriana, com as condi\u00e7\u00f5es necess\u00e1rias para a exist\u00eancia bacteriana, os agregados bacterianos est\u00e3o encerrados na matriz extracelular e organizados em biofilme fixado \u00e0s paredes do canal radicular. Nesta forma, a microflora est\u00e1 protegida da imunidade do hospedeiro, uma vez que os mecanismos de defesa n\u00e3o podem funcionar em profundidade no canal radicular devido \u00e0 falta de fornecimento de sangue, e \u00e9 tamb\u00e9m resistente \u00e0 a\u00e7\u00e3o dos antibi\u00f3ticos. Se a microflora do canal radicular n\u00e3o for eliminada atrav\u00e9s da elimina\u00e7\u00e3o ou de uma perturba\u00e7\u00e3o significativa da estrutura e da ecologia do biofilme, a periodontite apical pode prosseguir de forma cr\u00f3nica. Os macr\u00f3fagos e os linf\u00f3citos s\u00e3o os principais contribuintes e as c\u00e9lulas predominantes do processo, sendo ocasionalmente encontradas c\u00e9lulas espumosas e gigantes.    <\/p>\n<p>A principal carater\u00edstica da periodontite apical cr\u00f3nica \u00e9 a destrui\u00e7\u00e3o \u00f3ssea na \u00e1rea do \u00e1pice da raiz e a prolifera\u00e7\u00e3o de tecido de granula\u00e7\u00e3o fibrovascular, que \u00e9 uma tentativa de reparar os tecidos e limitar o processo inflamat\u00f3rio. A destrui\u00e7\u00e3o \u00f3ssea \u00e9 levada a cabo por osteoclastos activados. Juntamente com o processo de reabsor\u00e7\u00e3o \u00f3ssea, os fragmentos apicais da raiz tamb\u00e9m podem ser destru\u00eddos.  <\/p>\n<h3 class=\"wp-block-heading\" id=\"resultados-do-processo\"><strong>Resultados do processo<\/strong><\/h3>\n<p>Cicatriza\u00e7\u00e3o dos tecidos periapicais ap\u00f3s tratamento endod\u00f4ntico; desenvolvimento de abcesso agudo ou cr\u00f3nico quando a fonte de infe\u00e7\u00e3o persiste e o equil\u00edbrio entre a infe\u00e7\u00e3o bacteriana e a resposta imunit\u00e1ria do organismo \u00e9 perturbado.<\/p>\n<h2 class=\"wp-block-heading\" id=\"anatomia\"><strong>Anatomia<\/strong><\/h2>\n<p>Dependendo do fator etiol\u00f3gico, o dente afetado pode apresentar:<\/p>\n<ul class=\"wp-block-list\">\n<li>Uma cavidade cariosa profunda que penetra na polpa do dente;<\/li>\n<li>As restaura\u00e7\u00f5es dent\u00e1rias adjacentes ao tecido pulpar podem apresentar sinais de selamento deficiente (defeitos, restaura\u00e7\u00f5es fissuradas, pigmenta\u00e7\u00e3o marginal, c\u00e1ries secund\u00e1rias);<\/li>\n<li>Sinais de traumatismo (fissuras, dentina lascada, parte da polpa exposta).<\/li>\n<\/ul>\n<p>A polpa do dente est\u00e1 necrosada, de cor cinzento-amarelada ou cinzento-escura. Na zona do \u00e1pice da raiz existe um foco de destrui\u00e7\u00e3o do ligamento periodontal e do tecido \u00f3sseo, preenchido por tecido granulomatoso.  <\/p>\n<p>O tecido granulomatoso est\u00e1 infiltrado com mast\u00f3citos, macr\u00f3fagos, linf\u00f3citos, plasm\u00f3citos e, por vezes, leuc\u00f3citos polimorfonucleares. Est\u00e3o frequentemente presentes c\u00e9lulas gigantes multinucleadas de corpos estranhos, c\u00e9lulas espumosas, cristais de colesterol e tecido epitelial sob a forma de cord\u00f5es caoticamente direcionados. O tecido fibr\u00f3tico encontra-se normalmente na periferia.  <\/p>\n<figure class=\"wp-block-image size-large\"><img decoding=\"async\" src=\"https:\/\/storage.googleapis.com\/dev_wiki_voka_io_303011\/articles\/Dentistry\/Apical%20granuloma%3A%20etiology%2C%20anatomy%2C%20clinical%20picture%20and%20treatment\/granuloma%2016-9.webp\" alt=\"Anatomia de um granuloma apical\"><figcaption class=\"wp-element-caption\">Anatomia de um granuloma apical \u2013 <a href=\"https:\/\/catalog.voka.io\/en\/models\/3ed27118-f048-4865-b4ec-042c2caa7e2f\/127b9074-8c2d-4943-87a6-2ea48774cc23\/f1090b80-ac14-4e92-8e7e-92b4fce6a24e\/26ea7812-59d1-4807-bc52-ad2c8d3a011\" target=\"_blank\" rel=\"noreferrer noopener nofollow\">Modelo 3D<\/a><\/figcaption><\/figure>\n<h2 class=\"wp-block-heading\" id=\"diagnostico\"><strong>Diagn\u00f3stico<\/strong><\/h2>\n<ul class=\"wp-block-list\">\n<li>Recolha de queixas e anamnese;<\/li>\n<li>M\u00e9todos cl\u00ednicos: exame visual, percuss\u00e3o, palpa\u00e7\u00e3o ao longo da prega de transi\u00e7\u00e3o, sondagem periodontal, determina\u00e7\u00e3o da mobilidade dent\u00e1ria;<\/li>\n<li>Termoprobe, electroodontodiagn\u00f3stico;<\/li>\n<li>Radiografia (radiografia de contacto intra-oral, radiovisiografia, ortopantomografia, tomografia computorizada de feixe c\u00f3nico): cavidade cariosa, restaura\u00e7\u00e3o ou defeito traum\u00e1tico que penetra na c\u00e2mara pulpar, na regi\u00e3o do \u00e1pice da raiz \u00e9 detectado um l\u00famen \u2013 um foco de destrui\u00e7\u00e3o \u00f3ssea de forma redonda ou irregular, normalmente com limites claros. As radiografias bidimensionais podem mostrar apenas a expans\u00e3o do espa\u00e7o do ligamento periodontal sem lucidez \u00e0 volta do \u00e1pice da raiz, se o processo n\u00e3o atingir a placa cortical.  <\/li>\n<li>Atualmente, n\u00e3o existem ferramentas de diagn\u00f3stico n\u00e3o invasivas dispon\u00edveis para diferenciar um granuloma de um quisto. O diagn\u00f3stico definitivo s\u00f3 pode ser determinado por biopsia. <\/li>\n<\/ul>\n<h2 class=\"wp-block-heading\" id=\"manifestacoes-clinicas\"><strong>Manifesta\u00e7\u00f5es cl\u00ednicas<\/strong><\/h2>\n<p>O processo \u00e9 normalmente assintom\u00e1tico do ponto de vista cl\u00ednico. Detecta visualmente no dente uma cavidade cariosa profunda, uma restaura\u00e7\u00e3o ou um defeito traum\u00e1tico que penetra na c\u00e2mara pulpar. <\/p>\n<p>A percuss\u00e3o do dente \u00e9 indolor, a palpa\u00e7\u00e3o da prega transicional tamb\u00e9m \u00e9 indolor, mas pode ser desconfort\u00e1vel se o processo envolver a placa cortical. O dente n\u00e3o responde a est\u00edmulos de temperatura e el\u00e9ctricos. A profundidade de sondagem do sulco gengival est\u00e1 dentro dos limites normais (1-3 mm). A mobilidade do dente \u00e9 fisiol\u00f3gica.   <\/p>\n<figure class=\"wp-block-video\" id=\"animacao-3d-granuloma-apical\"><video controls><source data-src=\"https:\/\/storage.googleapis.com\/dev_wiki_voka_io_303011\/articles\/Dentistry\/Apical%20granuloma%3A%20etiology%2C%20anatomy%2C%20clinical%20picture%20and%20treatment\/Granylema%20Horizontal%20plashki%20watermark.webm\" type=\"video\/webm\"><\/source><\/video><figcaption class=\"wp-element-caption\">Anima\u00e7\u00e3o 3D \u2013 Granuloma apical<\/figcaption><\/figure>\n<div class=\"social-banner-block\">\n<div class=\"social-banner-content\">\n<p class=\"h5-title text-black\">Encontra mais conte\u00fados cientificamente exactos nas nossas redes sociais<\/p>\n<p><span class=\"social-banner-text text-grey\">Subscreve e n\u00e3o percas os recursos mais recentes<\/span><\/p>\n<div class=\"social-links-wrapper\"><a class=\"social-icon-link\" href=\"https:\/\/www.facebook.com\/VOKA3DAnatomyAndPathology\/\" target=\"_blank\" rel=\"nofollow noopener\"><img decoding=\"async\" src=\"https:\/\/storage.googleapis.com\/dev_wiki_voka_io_303011\/common\/Social%20Icons\/facebook.svg\" alt=\"social link\"><\/a><a class=\"social-icon-link\" href=\"https:\/\/www.instagram.com\/voka.io\/\" target=\"_blank\" rel=\"nofollow noopener\"><img decoding=\"async\" src=\"https:\/\/storage.googleapis.com\/dev_wiki_voka_io_303011\/common\/Social%20Icons\/insta.svg\" alt=\"social link\"><\/a><a class=\"social-icon-link\" href=\"https:\/\/www.linkedin.com\/company\/voka-io\/posts\/?feedView=all\" target=\"_blank\" rel=\"nofollow noopener\"><img decoding=\"async\" src=\"https:\/\/storage.googleapis.com\/dev_wiki_voka_io_303011\/common\/Social%20Icons\/linkedin.svg\" alt=\"social link\"><\/a><a class=\"social-icon-link\" href=\"https:\/\/www.youtube.com\/@vokaio\" target=\"_blank\" rel=\"nofollow noopener\"><img decoding=\"async\" src=\"https:\/\/storage.googleapis.com\/dev_wiki_voka_io_303011\/common\/Social%20Icons\/youtube.svg\" alt=\"social link\"><\/a><a class=\"social-icon-link\" href=\"https:\/\/www.pinterest.com\/voka3danatomyandpathology\/\" target=\"_blank\" rel=\"nofollow noopener\"><img decoding=\"async\" src=\"https:\/\/storage.googleapis.com\/dev_wiki_voka_io_303011\/common\/Social%20Icons\/pinterest.svg\" alt=\"social link\"><\/a><a class=\"social-icon-link\" href=\"https:\/\/www.tiktok.com\/@voka.io\" target=\"_blank\" rel=\"nofollow noopener\"><img decoding=\"async\" src=\"https:\/\/storage.googleapis.com\/dev_wiki_voka_io_303011\/common\/Social%20Icons\/tiktok.svg\" alt=\"social link\"><\/a><a class=\"social-icon-link\" href=\"https:\/\/discord.gg\/7ejUpq8DRR\" target=\"_blank\" rel=\"nofollow noopener\"><img decoding=\"async\" src=\"https:\/\/storage.googleapis.com\/dev_wiki_voka_io_303011\/common\/Social%20Icons\/discord.svg\" alt=\"social link\"><\/a><\/div>\n<\/div>\n<p><img decoding=\"async\" class=\"social-banner-image\" loading=\"lazy\" src=\"https:\/\/storage.googleapis.com\/dev_wiki_voka_io_303011\/common\/social-media-banner-mobile-image.webp\" alt=\"Banner background\"><\/div>\n<h2 class=\"wp-block-heading\" id=\"tratamento\"><strong>Tratamento<\/strong><\/h2>\n<p>Embora seja imposs\u00edvel fazer um diagn\u00f3stico diferencial com outras formas de periodontite apical com base na radiografia, e o estado histol\u00f3gico seja geralmente desconhecido, o tratamento consiste na elimina\u00e7\u00e3o do fator etiol\u00f3gico. \u00c9 efectuado o tratamento endod\u00f4ntico do dente: extirpa\u00e7\u00e3o da polpa necr\u00f3tica ou remo\u00e7\u00e3o do material de obtura\u00e7\u00e3o antigo dos canais radiculares, tratamento mec\u00e2nico e m\u00e9dico dos canais radiculares, obtura\u00e7\u00e3o com posterior restaura\u00e7\u00e3o do dente.  <\/p>\n<figure class=\"wp-block-video\" id=\"animacao-3d-tratamento-endodontico-primario-do-primeiro-molar-do-maxilar-inferior\"><video controls><source data-src=\"https:\/\/storage.googleapis.com\/dev_wiki_voka_io_303011\/articles\/Dentistry\/Apical%20granuloma%3A%20etiology%2C%20anatomy%2C%20clinical%20picture%20and%20treatment\/endodontics.webm\" type=\"video\/webm\"><\/source><\/video><figcaption class=\"wp-element-caption\">Anima\u00e7\u00e3o 3D \u2013 Tratamento endod\u00f4ntico prim\u00e1rio do primeiro molar do maxilar inferior<\/figcaption><\/figure>\n<p>Em caso de acesso dif\u00edcil \u00e0 fonte de infe\u00e7\u00e3o, para al\u00e9m do tratamento endod\u00f4ntico conservador, s\u00e3o utilizados m\u00e9todos microcir\u00fargicos (curetagem perirradicular, ressec\u00e7\u00e3o do \u00e1pice da raiz com obtura\u00e7\u00e3o retr\u00f3grada, amputa\u00e7\u00e3o da raiz do dente) e reimplanta\u00e7\u00e3o intencional. <\/p>\n<p>Se o progn\u00f3stico do tratamento endod\u00f4ntico n\u00e3o for satisfat\u00f3rio, o dente deve ser extra\u00eddo.<\/p>\n<div>\n<h2 class=\"faq-title h2-article\" id=\"faq\">FAQ<\/h2>\n<div class=\"faq-section\">\n<div class=\"faq-item faq-answer-hidden\">\n<div class=\"question-block\">\n<div class=\"faq-question\">\n<p class=\" text-black h5-title\">1. O que \u00e9 um granuloma apical?<\/p>\n<\/div>\n<div class=\"faq-answer text-main-text-color main-text-medium\">Um granuloma apical \u00e9 uma massa inflamat\u00f3ria cr\u00f3nica no \u00e1pice da raiz do dente que ocorre em resposta a uma infe\u00e7\u00e3o no canal radicular.<\/div>\n<\/div>\n<div class=\"expand-button-wrapper\"><button class=\"text-accent expand-button\">+<\/button><\/div>\n<\/div>\n<div class=\"faq-item faq-answer-hidden\">\n<div class=\"question-block\">\n<div class=\"faq-question\">\n<p class=\" text-black h5-title\">2. Quais s\u00e3o os principais sintomas do granuloma apical?<\/p>\n<\/div>\n<div class=\"faq-answer text-main-text-color main-text-medium\">Nas fases iniciais, a doen\u00e7a pode ser assintom\u00e1tica. Em caso de exacerba\u00e7\u00e3o, pode ocorrer desconforto, dor ocasional, incha\u00e7o da gengiva, escurecimento do dente e f\u00edstula. <\/div>\n<\/div>\n<div class=\"expand-button-wrapper\"><button class=\"text-accent expand-button\">+<\/button><\/div>\n<\/div>\n<div class=\"faq-item faq-answer-hidden\">\n<div class=\"question-block\">\n<div class=\"faq-question\">\n<p class=\" text-black h5-title\">3. Como \u00e9 que o granuloma apical \u00e9 tratado?<\/p>\n<\/div>\n<div class=\"faq-answer text-main-text-color main-text-medium\">O principal m\u00e9todo de tratamento \u00e9 o tratamento mec\u00e2nico e m\u00e9dico dos canais radiculares e a sua posterior obtura\u00e7\u00e3o. Na presen\u00e7a de complica\u00e7\u00f5es, \u00e9 tamb\u00e9m poss\u00edvel a cirurgia apical ou a extra\u00e7\u00e3o do dente (em caso de progn\u00f3stico insatisfat\u00f3rio do tratamento endod\u00f4ntico ou da restaura\u00e7\u00e3o). <\/div>\n<\/div>\n<div class=\"expand-button-wrapper\"><button class=\"text-accent expand-button\">+<\/button><\/div>\n<\/div>\n<div class=\"faq-item faq-answer-hidden\">\n<div class=\"question-block\">\n<div class=\"faq-question\">\n<p class=\" text-black h5-title\">4. Qual \u00e9 o perigo de um granuloma apical n\u00e3o tratado?<\/p>\n<\/div>\n<div class=\"faq-answer text-main-text-color main-text-medium\">Sem tratamento, o granuloma apical pode aumentar, transformar-se num quisto e podem ocorrer complica\u00e7\u00f5es como periostite, osteomielite, abcesso, flegm\u00e3o, mediastinite ou generaliza\u00e7\u00e3o da infe\u00e7\u00e3o (s\u00e9psis) durante uma exacerba\u00e7\u00e3o.<\/div>\n<\/div>\n<div class=\"expand-button-wrapper\"><button class=\"text-accent expand-button\">+<\/button><\/div>\n<\/div>\n<\/div>\n<p><script type=\"application\/ld+json\">\n    {\n    \"@context\": \"https:\/\/schema.org\",\n    \"@type\": \"FAQPage\",\n    \"mainEntity\": [\n        {\n            \"@type\": \"Question\",\n            \"name\": \"O que \u00e9 um granuloma apical?\",\n            \"acceptedAnswer\": {\n                \"@type\": \"Answer\",\n                \"text\": \"Um granuloma apical \u00e9 uma massa inflamat\u00f3ria cr\u00f3nica no \u00e1pice da raiz do dente que ocorre em resposta a uma infe\u00e7\u00e3o no canal radicular.\"\n            }\n        },\n        {\n            \"@type\": \"Question\",\n            \"name\": \"Quais s\u00e3o os principais sintomas do granuloma apical?\",\n            \"acceptedAnswer\": {\n                \"@type\": \"Answer\",\n                \"text\": \"Nas fases iniciais, a doen\u00e7a pode ser assintom\u00e1tica. Em caso de exacerba\u00e7\u00e3o, pode ocorrer desconforto, dor ocasional, incha\u00e7o da gengiva, escurecimento do dente e f\u00edstula. \"\n            }\n        },\n        {\n            \"@type\": \"Question\",\n            \"name\": \"Como \u00e9 que o granuloma apical \u00e9 tratado?\",\n            \"acceptedAnswer\": {\n                \"@type\": \"Answer\",\n                \"text\": \"O principal m\u00e9todo de tratamento \u00e9 o tratamento mec\u00e2nico e m\u00e9dico dos canais radiculares e a sua posterior obtura\u00e7\u00e3o. Na presen\u00e7a de complica\u00e7\u00f5es, \u00e9 tamb\u00e9m poss\u00edvel a cirurgia apical ou a extra\u00e7\u00e3o do dente (em caso de progn\u00f3stico insatisfat\u00f3rio do tratamento endod\u00f4ntico ou da restaura\u00e7\u00e3o). \"\n            }\n        },\n        {\n            \"@type\": \"Question\",\n            \"name\": \"Qual \u00e9 o perigo de um granuloma apical n\u00e3o tratado?\",\n            \"acceptedAnswer\": {\n                \"@type\": \"Answer\",\n                \"text\": \"Sem tratamento, o granuloma apical pode aumentar, transformar-se num quisto e podem ocorrer complica\u00e7\u00f5es como periostite, osteomielite, abcesso, flegm\u00e3o, mediastinite ou generaliza\u00e7\u00e3o da infe\u00e7\u00e3o (s\u00e9psis) durante uma exacerba\u00e7\u00e3o.\"\n            }\n        }\n    ]\n}<\/script><\/div>\n<div class=\"sources-list-block sources-list-hidden\" id=\"lista-de-fontes\">\n<div class=\"sources-list-content\">\n<div class=\"sources-list-title\">\n<p class=\"small-text-bold text-black sources-list-title-text\">Lista de fontes<\/p>\n<div class=\"sources-expand-button-wrapper-mobile\">\n<div class=\"sources-expand-button\"><svg width=\"32\" height=\"32\" viewbox=\"0 0 32 32\" fill=\"none\" xmlns=\"http:\/\/www.w3.org\/2000\/svg\"><path d=\"M8 12L16 20L24 12\" stroke=\"#8C9AAB\" stroke-width=\"2\" stroke-linecap=\"round\" stroke-linejoin=\"round\"><\/path><\/svg><\/div>\n<\/div>\n<\/div>\n<div class=\"sources-list-items\">\n<div class=\"source-item\">\n<p class=\"main-text-semibold text-black\">1.<\/p>\n<div class=\"source-item-content\">\n<p class=\"main-text-semibold text-black\"><cite>VOKA 3D Anatomy & Pathology \u2013 Complete Anatomy and Pathology 3D Atlas [Internet]. VOKA 3D Anatomy & Pathology.  <\/cite><\/p>\n<p><span class=\"small-text-medium text-grey\">Available from: https:\/\/catalog.voka.io\/<\/span><\/div>\n<\/div>\n<div class=\"source-item\">\n<p class=\"main-text-semibold text-black\">2.<\/p>\n<div class=\"source-item-content\">\n<p class=\"main-text-semibold text-black\"><cite>Berman, L. H., & Hargreaves, K. M. (2020). Cohen\u2019s Pathways of the Pulp Expert Consult. Elsevier.  <\/cite><\/p>\n<\/div>\n<\/div>\n<div class=\"source-item\">\n<p class=\"main-text-semibold text-black\">3.<\/p>\n<div class=\"source-item-content\">\n<p class=\"main-text-semibold text-black\"><cite>Torabinejad, M., Fouad, A., & Shabahang, S. (2020). Endodontics: Principles and Practice. Elsevier.  <\/cite><\/p>\n<\/div>\n<\/div>\n<div class=\"source-item\">\n<p class=\"main-text-semibold text-black\">4.<\/p>\n<div class=\"source-item-content\">\n<p class=\"main-text-semibold text-black\"><cite>American Association of Endodontists. Guide to Clinical Endodontics \u2013 American Association of Endodontists [Internet].  American Association of Endodontists. 2019.  <\/cite><\/p>\n<p><span class=\"small-text-medium text-grey\">Available from: https:\/\/www.aae.org\/specialty\/clinical-resources\/guide-clinical-endodontics\/ <\/span><\/div>\n<\/div>\n<div class=\"source-item\">\n<p class=\"main-text-semibold text-black\">5.<\/p>\n<div class=\"source-item-content\">\n<p class=\"main-text-semibold text-black\"><cite>Ricucci, D., & Siqueira, J. F. (2013). Endodontology: An Integrated Biological and Clinical View. Quintessence Publishing (IL).  <\/cite><\/p>\n<\/div>\n<\/div>\n<div class=\"source-item\">\n<p class=\"main-text-semibold text-black\">6.<\/p>\n<div class=\"source-item-content\">\n<p class=\"main-text-semibold text-black\"><cite>Bergenholtz, G., H\u00f8rsted-Bindslev, P., & Reit, C. (2013). Textbook of Endodontology. John Wiley & Sons.  <\/cite><\/p>\n<\/div>\n<\/div>\n<div class=\"source-item\">\n<p class=\"main-text-semibold text-black\">7.<\/p>\n<div class=\"source-item-content\">\n<p class=\"main-text-semibold text-black\"><cite>H\u00fclsmann, M., Sch\u00e4fer, E., Bargholz, C., & Barthel, C. (2009). Problems in endodontics: Etiology, Diagnosis and Treatment. Quintessence Publishing (IL).  <\/cite><\/p>\n<\/div>\n<\/div>\n<div class=\"source-item\">\n<p class=\"main-text-semibold text-black\">8.<\/p>\n<div class=\"source-item-content\">\n<p class=\"main-text-semibold text-black\"><cite> Beer, R., Baumann, M. A., & Kielbassa, A. M. (2004). Taschenatlas der Endodontie. <\/cite><\/p>\n<\/div>\n<\/div>\n<div class=\"source-item\">\n<p class=\"main-text-semibold text-black\">9.<\/p>\n<div class=\"source-item-content\">\n<p class=\"main-text-semibold text-black\"><cite>Petersson A, Axelsson S, Davidson T, Frisk F, Hakeberg M, Kvist T, Norlund A, Mej\u00e0re I, Portenier I, Sandberg H, Tran\u00e6us S, Bergenholtz G. Radiological diagnosis of periapical bone tissue lesions in endodontics: a systematic review. International Endodontic Journal [Internet]. 2012 Mar 19;45(9):783\u2013801.   <\/cite><\/p>\n<p><span class=\"small-text-medium text-grey\">Available from: https:\/\/doi.org\/10.1111\/j.1365-2591.2012.02034.x<\/span><\/div>\n<\/div>\n<\/div>\n<\/div>\n<div class=\"sources-expand-button-wrapper\">\n<div class=\"sources-expand-button\"><svg width=\"32\" height=\"32\" viewbox=\"0 0 32 32\" fill=\"none\" xmlns=\"http:\/\/www.w3.org\/2000\/svg\"><path d=\"M8 12L16 20L24 12\" stroke=\"#8C9AAB\" stroke-width=\"2\" stroke-linecap=\"round\" stroke-linejoin=\"round\"><\/path><\/svg><\/div>\n<\/div>\n<\/div>\n","protected":false},"excerpt":{"rendered":"<p>O granuloma apical \u00e9 a forma mais comum de periodontite apical cr\u00f3nica, que \u00e9 uma les\u00e3o inflamat\u00f3ria com tecido granulomatoso e predomin\u00e2ncia de linf\u00f3citos, macr\u00f3fagos e plasm\u00f3citos. A periodontite apical cr\u00f3nica \u00e9 um processo inflamat\u00f3rio de longa dura\u00e7\u00e3o nos tecidos que rodeiam o \u00e1pice da raiz do dente, que \u00e9 acompanhado por reabsor\u00e7\u00e3o \u00f3ssea periapical [&hellip;]<\/p>\n","protected":false},"author":3,"featured_media":0,"template":"","diseases_category":[294],"class_list":["post-898","diseases_post","type-diseases_post","status-publish","hentry","diseases_category-dentarias"],"acf":[],"yoast_head":"<!-- This site is optimized with the Yoast SEO Premium plugin v25.0 (Yoast SEO v26.5) - https:\/\/yoast.com\/wordpress\/plugins\/seo\/ -->\n<title>Granuloma apical - Causas, sintomas e tratamento do granuloma<\/title>\n<meta name=\"description\" content=\"Um granuloma apical \u00e9 uma massa inflamat\u00f3ria cr\u00f3nica na ponta da raiz de um dente resultante de uma infe\u00e7\u00e3o. Aprende sobre as causas, os sintomas, o diagn\u00f3stico e as op\u00e7\u00f5es de tratamento eficazes.\" \/>\n<meta name=\"robots\" content=\"index, follow, max-snippet:-1, max-image-preview:large, max-video-preview:-1\" \/>\n<link rel=\"canonical\" href=\"https:\/\/wiki.voka.io\/pt\/doencas\/dentarias\/granuloma-apical\/\" \/>\n<meta property=\"og:locale\" content=\"pt_PT\" \/>\n<meta property=\"og:type\" content=\"article\" \/>\n<meta property=\"og:title\" content=\"Granuloma apical: Etiologia, anatomia, apresenta\u00e7\u00e3o cl\u00ednica e tratamento\" \/>\n<meta property=\"og:description\" content=\"Um granuloma apical \u00e9 uma massa inflamat\u00f3ria cr\u00f3nica na ponta da raiz de um dente resultante de uma infe\u00e7\u00e3o. Aprende sobre as causas, os sintomas, o diagn\u00f3stico e as op\u00e7\u00f5es de tratamento eficazes.\" \/>\n<meta property=\"og:url\" content=\"https:\/\/wiki.voka.io\/pt\/doencas\/dentarias\/granuloma-apical\/\" \/>\n<meta property=\"og:site_name\" content=\"Voka Wiki\" \/>\n<meta property=\"article:publisher\" content=\"https:\/\/www.facebook.com\/VOKA3DAnatomyAndPathology\/\" \/>\n<meta property=\"article:modified_time\" content=\"2025-12-29T10:11:25+00:00\" \/>\n<meta property=\"og:image\" content=\"https:\/\/storage.googleapis.com\/dev_wiki_voka_io_303011\/articles\/Dentistry\/Apical%20granuloma%3A%20etiology%2C%20anatomy%2C%20clinical%20picture%20and%20treatment\/granuloma%2016-9.webp\" \/>\n<meta name=\"twitter:card\" content=\"summary_large_image\" \/>\n<meta name=\"twitter:label1\" content=\"Tempo estimado de leitura\" \/>\n\t<meta name=\"twitter:data1\" content=\"6 minutos\" \/>\n<script type=\"application\/ld+json\" class=\"yoast-schema-graph\">{\"@context\":\"https:\/\/schema.org\",\"@graph\":[{\"@type\":\"Article\",\"@id\":\"https:\/\/wiki.voka.io\/pt\/doencas\/dentarias\/granuloma-apical\/#article\",\"isPartOf\":{\"@id\":\"https:\/\/wiki.voka.io\/pt\/doencas\/dentarias\/granuloma-apical\/\"},\"author\":{\"name\":\"Daria A.\",\"@id\":\"https:\/\/wiki.voka.io\/pt\/#\/schema\/person\/77d1a6a9a941a3f5c38f388a934d5fbc\"},\"headline\":\"Granuloma apical: Etiologia, anatomia, apresenta\u00e7\u00e3o cl\u00ednica e tratamento\",\"datePublished\":\"2025-04-03T09:05:47+00:00\",\"dateModified\":\"2025-12-29T10:11:25+00:00\",\"mainEntityOfPage\":{\"@id\":\"https:\/\/wiki.voka.io\/pt\/doencas\/dentarias\/granuloma-apical\/\"},\"wordCount\":1126,\"publisher\":{\"@id\":\"https:\/\/wiki.voka.io\/pt\/#organization\"},\"image\":{\"@id\":\"https:\/\/wiki.voka.io\/pt\/doencas\/dentarias\/granuloma-apical\/#primaryimage\"},\"thumbnailUrl\":\"https:\/\/storage.googleapis.com\/dev_wiki_voka_io_303011\/articles\/Dentistry\/Apical%20granuloma%3A%20etiology%2C%20anatomy%2C%20clinical%20picture%20and%20treatment\/granuloma%2016-9.webp\",\"inLanguage\":\"pt-PT\"},{\"@type\":\"WebPage\",\"@id\":\"https:\/\/wiki.voka.io\/pt\/doencas\/dentarias\/granuloma-apical\/\",\"url\":\"https:\/\/wiki.voka.io\/pt\/doencas\/dentarias\/granuloma-apical\/\",\"name\":\"Granuloma apical - Causas, sintomas e tratamento do granuloma\",\"isPartOf\":{\"@id\":\"https:\/\/wiki.voka.io\/pt\/#website\"},\"primaryImageOfPage\":{\"@id\":\"https:\/\/wiki.voka.io\/pt\/doencas\/dentarias\/granuloma-apical\/#primaryimage\"},\"image\":{\"@id\":\"https:\/\/wiki.voka.io\/pt\/doencas\/dentarias\/granuloma-apical\/#primaryimage\"},\"thumbnailUrl\":\"https:\/\/storage.googleapis.com\/dev_wiki_voka_io_303011\/articles\/Dentistry\/Apical%20granuloma%3A%20etiology%2C%20anatomy%2C%20clinical%20picture%20and%20treatment\/granuloma%2016-9.webp\",\"datePublished\":\"2025-04-03T09:05:47+00:00\",\"dateModified\":\"2025-12-29T10:11:25+00:00\",\"description\":\"Um granuloma apical \u00e9 uma massa inflamat\u00f3ria cr\u00f3nica na ponta da raiz de um dente resultante de uma infe\u00e7\u00e3o. Aprende sobre as causas, os sintomas, o diagn\u00f3stico e as op\u00e7\u00f5es de tratamento eficazes.\",\"breadcrumb\":{\"@id\":\"https:\/\/wiki.voka.io\/pt\/doencas\/dentarias\/granuloma-apical\/#breadcrumb\"},\"inLanguage\":\"pt-PT\",\"potentialAction\":[{\"@type\":\"ReadAction\",\"target\":[\"https:\/\/wiki.voka.io\/pt\/doencas\/dentarias\/granuloma-apical\/\"]}]},{\"@type\":\"ImageObject\",\"inLanguage\":\"pt-PT\",\"@id\":\"https:\/\/wiki.voka.io\/pt\/doencas\/dentarias\/granuloma-apical\/#primaryimage\",\"url\":\"https:\/\/storage.googleapis.com\/dev_wiki_voka_io_303011\/articles\/Dentistry\/Apical%20granuloma%3A%20etiology%2C%20anatomy%2C%20clinical%20picture%20and%20treatment\/granuloma%2016-9.webp\",\"contentUrl\":\"https:\/\/storage.googleapis.com\/dev_wiki_voka_io_303011\/articles\/Dentistry\/Apical%20granuloma%3A%20etiology%2C%20anatomy%2C%20clinical%20picture%20and%20treatment\/granuloma%2016-9.webp\"},{\"@type\":\"BreadcrumbList\",\"@id\":\"https:\/\/wiki.voka.io\/pt\/doencas\/dentarias\/granuloma-apical\/#breadcrumb\",\"itemListElement\":[{\"@type\":\"ListItem\",\"position\":1,\"name\":\"Home\",\"item\":\"https:\/\/wiki.voka.io\/pt\/\"},{\"@type\":\"ListItem\",\"position\":2,\"name\":\"Diseases posts\",\"item\":\"https:\/\/wiki.voka.io\/pt\/doencas\/%diseases_category%\/\"},{\"@type\":\"ListItem\",\"position\":3,\"name\":\"Granuloma apical: Etiologia, anatomia, apresenta\u00e7\u00e3o cl\u00ednica e tratamento\"}]},{\"@type\":\"WebSite\",\"@id\":\"https:\/\/wiki.voka.io\/pt\/#website\",\"url\":\"https:\/\/wiki.voka.io\/pt\/\",\"name\":\"Voka Wiki\",\"description\":\"\",\"publisher\":{\"@id\":\"https:\/\/wiki.voka.io\/pt\/#organization\"},\"alternateName\":\"Anatomy & Pathology Wiki by VOKA\",\"potentialAction\":[{\"@type\":\"SearchAction\",\"target\":{\"@type\":\"EntryPoint\",\"urlTemplate\":\"https:\/\/wiki.voka.io\/pt\/?s={search_term_string}\"},\"query-input\":{\"@type\":\"PropertyValueSpecification\",\"valueRequired\":true,\"valueName\":\"search_term_string\"}}],\"inLanguage\":\"pt-PT\"},{\"@type\":\"Organization\",\"@id\":\"https:\/\/wiki.voka.io\/pt\/#organization\",\"name\":\"Voka 3D Anatomy & Pathology\",\"alternateName\":\"VOKA\",\"url\":\"https:\/\/wiki.voka.io\/pt\/\",\"logo\":{\"@type\":\"ImageObject\",\"inLanguage\":\"pt-PT\",\"@id\":\"https:\/\/wiki.voka.io\/pt\/#\/schema\/logo\/image\/\",\"url\":\"https:\/\/wiki.voka.io\/wp-content\/uploads\/2025\/02\/cropped-voka-logo-1.png\",\"contentUrl\":\"https:\/\/wiki.voka.io\/wp-content\/uploads\/2025\/02\/cropped-voka-logo-1.png\",\"width\":70,\"height\":16,\"caption\":\"Voka 3D Anatomy & Pathology\"},\"image\":{\"@id\":\"https:\/\/wiki.voka.io\/pt\/#\/schema\/logo\/image\/\"},\"sameAs\":[\"https:\/\/www.facebook.com\/VOKA3DAnatomyAndPathology\/\",\"https:\/\/www.instagram.com\/voka.io\/\",\"https:\/\/www.linkedin.com\/company\/voka-io\/\",\"https:\/\/www.youtube.com\/channel\/UCqGGuOEpr62ScH8Pjk2q5zw\/videos\",\"https:\/\/www.pinterest.com\/VokaAnatomyPro\/\",\"https:\/\/www.threads.com\/@voka.io\"],\"description\":\"VOKA.io offers 3D medical animations and custom 3D modeling services. Our product, VOKA 3D Anatomy & Pathology, is a digital atlas with over 1,000 detailed 3D models of human anatomy and pathology, designed for medical education, training, and patient communication.\",\"email\":\"info@voka.io\",\"telephone\":\"+1 814 351 4442\",\"legalName\":\"Voka 3D Anatomy & Pathology\",\"foundingDate\":\"2017-02-12\",\"naics\":\"541512\",\"numberOfEmployees\":{\"@type\":\"QuantitativeValue\",\"minValue\":\"51\",\"maxValue\":\"200\"},\"publishingPrinciples\":\"https:\/\/wiki.voka.io\/pt\/principios-de-publicacao\/\"},{\"@type\":\"Person\",\"@id\":\"https:\/\/wiki.voka.io\/pt\/#\/schema\/person\/77d1a6a9a941a3f5c38f388a934d5fbc\",\"name\":\"Daria A.\",\"image\":{\"@type\":\"ImageObject\",\"inLanguage\":\"pt-PT\",\"@id\":\"https:\/\/wiki.voka.io\/pt\/#\/schema\/person\/image\/\",\"url\":\"https:\/\/secure.gravatar.com\/avatar\/b55036bfe0a868e0402f78b7961e614dda4c6078e861af3f1c110828a06485fc?s=96&d=mm&r=g\",\"contentUrl\":\"https:\/\/secure.gravatar.com\/avatar\/b55036bfe0a868e0402f78b7961e614dda4c6078e861af3f1c110828a06485fc?s=96&d=mm&r=g\",\"caption\":\"Daria A.\"}}]}<\/script>\n<!-- \/ Yoast SEO Premium plugin. -->","yoast_head_json":{"title":"Granuloma apical - Causas, sintomas e tratamento do granuloma","description":"Um granuloma apical \u00e9 uma massa inflamat\u00f3ria cr\u00f3nica na ponta da raiz de um dente resultante de uma infe\u00e7\u00e3o. Aprende sobre as causas, os sintomas, o diagn\u00f3stico e as op\u00e7\u00f5es de tratamento eficazes.","robots":{"index":"index","follow":"follow","max-snippet":"max-snippet:-1","max-image-preview":"max-image-preview:large","max-video-preview":"max-video-preview:-1"},"canonical":"https:\/\/wiki.voka.io\/pt\/doencas\/dentarias\/granuloma-apical\/","og_locale":"pt_PT","og_type":"article","og_title":"Granuloma apical: Etiologia, anatomia, apresenta\u00e7\u00e3o cl\u00ednica e tratamento","og_description":"Um granuloma apical \u00e9 uma massa inflamat\u00f3ria cr\u00f3nica na ponta da raiz de um dente resultante de uma infe\u00e7\u00e3o. Aprende sobre as causas, os sintomas, o diagn\u00f3stico e as op\u00e7\u00f5es de tratamento eficazes.","og_url":"https:\/\/wiki.voka.io\/pt\/doencas\/dentarias\/granuloma-apical\/","og_site_name":"Voka Wiki","article_publisher":"https:\/\/www.facebook.com\/VOKA3DAnatomyAndPathology\/","article_modified_time":"2025-12-29T10:11:25+00:00","og_image":[{"url":"https:\/\/storage.googleapis.com\/dev_wiki_voka_io_303011\/articles\/Dentistry\/Apical%20granuloma%3A%20etiology%2C%20anatomy%2C%20clinical%20picture%20and%20treatment\/granuloma%2016-9.webp","type":"","width":"","height":""}],"twitter_card":"summary_large_image","twitter_misc":{"Tempo estimado de leitura":"6 minutos"},"schema":{"@context":"https:\/\/schema.org","@graph":[{"@type":"Article","@id":"https:\/\/wiki.voka.io\/pt\/doencas\/dentarias\/granuloma-apical\/#article","isPartOf":{"@id":"https:\/\/wiki.voka.io\/pt\/doencas\/dentarias\/granuloma-apical\/"},"author":{"name":"Daria A.","@id":"https:\/\/wiki.voka.io\/pt\/#\/schema\/person\/77d1a6a9a941a3f5c38f388a934d5fbc"},"headline":"Granuloma apical: Etiologia, anatomia, apresenta\u00e7\u00e3o cl\u00ednica e tratamento","datePublished":"2025-04-03T09:05:47+00:00","dateModified":"2025-12-29T10:11:25+00:00","mainEntityOfPage":{"@id":"https:\/\/wiki.voka.io\/pt\/doencas\/dentarias\/granuloma-apical\/"},"wordCount":1126,"publisher":{"@id":"https:\/\/wiki.voka.io\/pt\/#organization"},"image":{"@id":"https:\/\/wiki.voka.io\/pt\/doencas\/dentarias\/granuloma-apical\/#primaryimage"},"thumbnailUrl":"https:\/\/storage.googleapis.com\/dev_wiki_voka_io_303011\/articles\/Dentistry\/Apical%20granuloma%3A%20etiology%2C%20anatomy%2C%20clinical%20picture%20and%20treatment\/granuloma%2016-9.webp","inLanguage":"pt-PT"},{"@type":"WebPage","@id":"https:\/\/wiki.voka.io\/pt\/doencas\/dentarias\/granuloma-apical\/","url":"https:\/\/wiki.voka.io\/pt\/doencas\/dentarias\/granuloma-apical\/","name":"Granuloma apical - Causas, sintomas e tratamento do granuloma","isPartOf":{"@id":"https:\/\/wiki.voka.io\/pt\/#website"},"primaryImageOfPage":{"@id":"https:\/\/wiki.voka.io\/pt\/doencas\/dentarias\/granuloma-apical\/#primaryimage"},"image":{"@id":"https:\/\/wiki.voka.io\/pt\/doencas\/dentarias\/granuloma-apical\/#primaryimage"},"thumbnailUrl":"https:\/\/storage.googleapis.com\/dev_wiki_voka_io_303011\/articles\/Dentistry\/Apical%20granuloma%3A%20etiology%2C%20anatomy%2C%20clinical%20picture%20and%20treatment\/granuloma%2016-9.webp","datePublished":"2025-04-03T09:05:47+00:00","dateModified":"2025-12-29T10:11:25+00:00","description":"Um granuloma apical \u00e9 uma massa inflamat\u00f3ria cr\u00f3nica na ponta da raiz de um dente resultante de uma infe\u00e7\u00e3o. Aprende sobre as causas, os sintomas, o diagn\u00f3stico e as op\u00e7\u00f5es de tratamento eficazes.","breadcrumb":{"@id":"https:\/\/wiki.voka.io\/pt\/doencas\/dentarias\/granuloma-apical\/#breadcrumb"},"inLanguage":"pt-PT","potentialAction":[{"@type":"ReadAction","target":["https:\/\/wiki.voka.io\/pt\/doencas\/dentarias\/granuloma-apical\/"]}]},{"@type":"ImageObject","inLanguage":"pt-PT","@id":"https:\/\/wiki.voka.io\/pt\/doencas\/dentarias\/granuloma-apical\/#primaryimage","url":"https:\/\/storage.googleapis.com\/dev_wiki_voka_io_303011\/articles\/Dentistry\/Apical%20granuloma%3A%20etiology%2C%20anatomy%2C%20clinical%20picture%20and%20treatment\/granuloma%2016-9.webp","contentUrl":"https:\/\/storage.googleapis.com\/dev_wiki_voka_io_303011\/articles\/Dentistry\/Apical%20granuloma%3A%20etiology%2C%20anatomy%2C%20clinical%20picture%20and%20treatment\/granuloma%2016-9.webp"},{"@type":"BreadcrumbList","@id":"https:\/\/wiki.voka.io\/pt\/doencas\/dentarias\/granuloma-apical\/#breadcrumb","itemListElement":[{"@type":"ListItem","position":1,"name":"Home","item":"https:\/\/wiki.voka.io\/pt\/"},{"@type":"ListItem","position":2,"name":"Diseases posts","item":"https:\/\/wiki.voka.io\/pt\/doencas\/%diseases_category%\/"},{"@type":"ListItem","position":3,"name":"Granuloma apical: Etiologia, anatomia, apresenta\u00e7\u00e3o cl\u00ednica e tratamento"}]},{"@type":"WebSite","@id":"https:\/\/wiki.voka.io\/pt\/#website","url":"https:\/\/wiki.voka.io\/pt\/","name":"Voka Wiki","description":"","publisher":{"@id":"https:\/\/wiki.voka.io\/pt\/#organization"},"alternateName":"Anatomy & Pathology Wiki by VOKA","potentialAction":[{"@type":"SearchAction","target":{"@type":"EntryPoint","urlTemplate":"https:\/\/wiki.voka.io\/pt\/?s={search_term_string}"},"query-input":{"@type":"PropertyValueSpecification","valueRequired":true,"valueName":"search_term_string"}}],"inLanguage":"pt-PT"},{"@type":"Organization","@id":"https:\/\/wiki.voka.io\/pt\/#organization","name":"Voka 3D Anatomy & Pathology","alternateName":"VOKA","url":"https:\/\/wiki.voka.io\/pt\/","logo":{"@type":"ImageObject","inLanguage":"pt-PT","@id":"https:\/\/wiki.voka.io\/pt\/#\/schema\/logo\/image\/","url":"https:\/\/wiki.voka.io\/wp-content\/uploads\/2025\/02\/cropped-voka-logo-1.png","contentUrl":"https:\/\/wiki.voka.io\/wp-content\/uploads\/2025\/02\/cropped-voka-logo-1.png","width":70,"height":16,"caption":"Voka 3D Anatomy & Pathology"},"image":{"@id":"https:\/\/wiki.voka.io\/pt\/#\/schema\/logo\/image\/"},"sameAs":["https:\/\/www.facebook.com\/VOKA3DAnatomyAndPathology\/","https:\/\/www.instagram.com\/voka.io\/","https:\/\/www.linkedin.com\/company\/voka-io\/","https:\/\/www.youtube.com\/channel\/UCqGGuOEpr62ScH8Pjk2q5zw\/videos","https:\/\/www.pinterest.com\/VokaAnatomyPro\/","https:\/\/www.threads.com\/@voka.io"],"description":"VOKA.io offers 3D medical animations and custom 3D modeling services. Our product, VOKA 3D Anatomy & Pathology, is a digital atlas with over 1,000 detailed 3D models of human anatomy and pathology, designed for medical education, training, and patient communication.","email":"info@voka.io","telephone":"+1 814 351 4442","legalName":"Voka 3D Anatomy & Pathology","foundingDate":"2017-02-12","naics":"541512","numberOfEmployees":{"@type":"QuantitativeValue","minValue":"51","maxValue":"200"},"publishingPrinciples":"https:\/\/wiki.voka.io\/pt\/principios-de-publicacao\/"},{"@type":"Person","@id":"https:\/\/wiki.voka.io\/pt\/#\/schema\/person\/77d1a6a9a941a3f5c38f388a934d5fbc","name":"Daria A.","image":{"@type":"ImageObject","inLanguage":"pt-PT","@id":"https:\/\/wiki.voka.io\/pt\/#\/schema\/person\/image\/","url":"https:\/\/secure.gravatar.com\/avatar\/b55036bfe0a868e0402f78b7961e614dda4c6078e861af3f1c110828a06485fc?s=96&d=mm&r=g","contentUrl":"https:\/\/secure.gravatar.com\/avatar\/b55036bfe0a868e0402f78b7961e614dda4c6078e861af3f1c110828a06485fc?s=96&d=mm&r=g","caption":"Daria A."}}]}},"_links":{"self":[{"href":"https:\/\/wiki.voka.io\/pt\/wp-json\/wp\/v2\/diseases_post\/898","targetHints":{"allow":["GET"]}}],"collection":[{"href":"https:\/\/wiki.voka.io\/pt\/wp-json\/wp\/v2\/diseases_post"}],"about":[{"href":"https:\/\/wiki.voka.io\/pt\/wp-json\/wp\/v2\/types\/diseases_post"}],"author":[{"embeddable":true,"href":"https:\/\/wiki.voka.io\/pt\/wp-json\/wp\/v2\/users\/3"}],"wp:attachment":[{"href":"https:\/\/wiki.voka.io\/pt\/wp-json\/wp\/v2\/media?parent=898"}],"wp:term":[{"taxonomy":"diseases_category","embeddable":true,"href":"https:\/\/wiki.voka.io\/pt\/wp-json\/wp\/v2\/diseases_category?post=898"}],"curies":[{"name":"wp","href":"https:\/\/api.w.org\/{rel}","templated":true}]}}