{"id":892,"date":"2025-04-03T12:06:01","date_gmt":"2025-04-03T09:06:01","guid":{"rendered":"https:\/\/wiki.voka.io\/diseases\/uncategorized\/ostrij-apikalnyi-periodontit\/"},"modified":"2025-07-18T17:33:33","modified_gmt":"2025-07-18T14:33:33","slug":"periodontite-apical-aguda","status":"publish","type":"diseases_post","link":"https:\/\/wiki.voka.io\/pt\/doencas\/dentarias\/periodontite-apical-aguda\/","title":{"rendered":"Periodontite apical aguda: Etiologia, anatomia, apresenta\u00e7\u00e3o cl\u00ednica e tratamento"},"content":{"rendered":"<p>A periodontite apical aguda \u00e9 uma inflama\u00e7\u00e3o do tecido periodontal, causada principalmente por uma infe\u00e7\u00e3o no sistema de canais radiculares do dente. Envolve o envolvimento do osso alveolar, do ligamento periodontal e do cemento na \u00e1rea do \u00e1pice da raiz do dente (\u00e1rea periapical). <\/p>\n<figure class=\"wp-block-image size-large\"><img decoding=\"async\" src=\"https:\/\/storage.googleapis.com\/dev_wiki_voka_io_303011\/articles\/Dentistry\/Acute%20apical%20periodontitis%3A%20etiology%2C%20anatomy%2C%20clinical%20presentation%20and%20treatment\/acute-apical-periodontitis%202%2016-9.webp\" alt=\"Necrose pulpar e inflama\u00e7\u00e3o periapical na periodontite apical aguda\"><figcaption class=\"wp-element-caption\">Necrose pulpar e inflama\u00e7\u00e3o periapical na periodontite apical aguda \u2013 <a href=\"https:\/\/catalog.voka.io\/en\/models\/3ed27118-f048-4865-b4ec-042c2caa7e2f\/127b9074-8c2d-4943-87a6-2ea48774cc23\/c4e5e193-00f9-43c6-b22f-189ab2c7de2d\/4242a3d5-1e27-498e-8066-2dfd5d324a24\" target=\"_blank\" rel=\"noreferrer noopener nofollow\">Modelo 3D<\/a><\/figcaption><\/figure>\n<h2 class=\"wp-block-heading\" id=\"a-etiologia\">A etiologia<\/h2>\n<p>A periodontite apical pode ser causada pelos seguintes factores: <\/p>\n<ul class=\"wp-block-list\">\n<li>Microrganismos e suas toxinas: infe\u00e7\u00e3o da polpa em resultado de c\u00e1ries ou exposi\u00e7\u00e3o traum\u00e1tica, dentes fracturados, fracturados ou erodidos, doen\u00e7a periodontal descompensada e durante ou ap\u00f3s tratamento endod\u00f4ntico sem cofferdam, atrav\u00e9s de uma restaura\u00e7\u00e3o tempor\u00e1ria com fugas;<\/li>\n<li>Factores f\u00edsicos: rutura da constri\u00e7\u00e3o apical com um instrumento endod\u00f4ntico, retirada de material de enchimento\/cilindro para os tecidos periodontais, les\u00e3o traum\u00e1tica dos tecidos periapicais, restaura\u00e7\u00e3o de dentes em hiperoclus\u00e3o;<\/li>\n<li>Factores qu\u00edmicos: solu\u00e7\u00f5es de irriga\u00e7\u00e3o, inser\u00e7\u00f5es intracanais, obtura\u00e7\u00f5es\/seringas para canais radiculares, pastas desvitalizantes.<\/li>\n<\/ul>\n<p>As bact\u00e9rias s\u00e3o a principal causa da periodontite apical. Podem existir no sistema de canais radiculares como pl\u00e2ncton, mas mais frequentemente fixam-se \u00e0 dentina e formam um biofilme que proporciona defesa contra concorrentes microbianos, o sistema imunit\u00e1rio do hospedeiro e agentes antibacterianos.  <\/p>\n<p>O contacto do agente patog\u00e9nico com os tecidos periapicais ocorre atrav\u00e9s da abertura do \u00e1pice da raiz, dos canais laterais ou da perfura\u00e7\u00e3o da raiz. N\u00e3o h\u00e1 evid\u00eancias convincentes para apoiar o envolvimento de qualquer esp\u00e9cie bacteriana espec\u00edfica no desenvolvimento da periodontite apical sintom\u00e1tica. Nos canais radiculares que n\u00e3o foram submetidos a tratamento endod\u00f4ntico pr\u00e9vio, a infe\u00e7\u00e3o \u00e9 uma mistura de diferentes microrganismos, na qual esp\u00e9cies Gram-positivas e Gram-negativas ocorrem em propor\u00e7\u00f5es aproximadamente iguais, com predomin\u00e2ncia de bact\u00e9rias anaer\u00f3bias obrigat\u00f3rias. As esp\u00e9cies bacterianas mais comuns s\u00e3o: <em>Fusobacterium, Dialister, Porphyromonas, Prevotella, Tannerella, Treponema, Pyramidobacter, Veillonella, Campylobacter, Parvimonas, Filifactor, Pseudoramibacter, Streptococcus, Propionibacterium, Olsenella, Actinomyces, Peptostreptococcus, Eubacterium.<\/em><\/p>\n<p>A periodontite apical aguda (sintom\u00e1tica) desenvolve-se ap\u00f3s a necrose completa da polpa; no entanto, se a polpa vital for infetada, a inflama\u00e7\u00e3o periapical pode desenvolver-se mesmo na presen\u00e7a de tecido vivo, mas inflamado, no ter\u00e7o apical do canal radicular. Isso ocorre devido \u00e0 difus\u00e3o de mediadores inflamat\u00f3rios, citocinas pr\u00f3-inflamat\u00f3rias, quimiocinas e toxinas bacterianas para a regi\u00e3o periapical antes da necrose pulpar.  <\/p>\n<p>Os sinais da periodontite apical aguda s\u00e3o semelhantes aos de uma rea\u00e7\u00e3o inflamat\u00f3ria aguda, incluindo a dilata\u00e7\u00e3o vascular, o aumento da permeabilidade vascular e a sa\u00edda de leuc\u00f3citos dos vasos sangu\u00edneos. A infiltra\u00e7\u00e3o de leuc\u00f3citos, a acumula\u00e7\u00e3o e a ativa\u00e7\u00e3o de imunoglobulinas, factores do complemento e prote\u00ednas plasm\u00e1ticas ocorrem no tecido danificado. Os neutr\u00f3filos polimorfonucleares s\u00e3o as principais c\u00e9lulas na periodontite apical aguda. No processo de combate \u00e0 infe\u00e7\u00e3o microbiana, morrem, libertando enzimas proteol\u00edticas lisossomais, metabolitos activos do oxig\u00e9nio, \u00f3xido n\u00edtrico, citocinas, eicosan\u00f3ides e metaloproteinases da matriz, o que aumenta a inflama\u00e7\u00e3o e o dano tecidular.   <\/p>\n<p>Embora a periodontite apical seja principalmente uma doen\u00e7a infecciosa, as bact\u00e9rias s\u00e3o normalmente encontradas no sistema de canais radiculares e n\u00e3o nos tecidos periapicais.<\/p>\n<p>No processo agudo, n\u00e3o h\u00e1 destrui\u00e7\u00e3o do osso apical porque a dura\u00e7\u00e3o da inflama\u00e7\u00e3o aguda \u00e9 curta e os neutr\u00f3filos e macr\u00f3fagos activados s\u00e3o incapazes de destruir o osso.<\/p>\n<p>Resultado do processo: restaura\u00e7\u00e3o dos tecidos periapicais, se a causa da inflama\u00e7\u00e3o for eliminada pelo tratamento do canal radicular; abcesso em caso de invas\u00e3o maci\u00e7a de bact\u00e9rias piog\u00e9nicas; desenvolvimento de inflama\u00e7\u00e3o periapical cr\u00f3nica, se o irritante for preservado.<\/p>\n<h2 class=\"wp-block-heading\" id=\"anatomia\">Anatomia<\/h2>\n<figure class=\"wp-block-image size-large\"><img decoding=\"async\" src=\"https:\/\/storage.googleapis.com\/dev_wiki_voka_io_303011\/articles\/Dentistry\/Acute%20apical%20periodontitis%3A%20etiology%2C%20anatomy%2C%20clinical%20presentation%20and%20treatment\/acute-apical-periodontitis%2016-9.webp\" alt=\"Anatomia da periodontite apical aguda\"><figcaption class=\"wp-element-caption\">Anatomia da periodontite apical aguda \u2013 <a href=\"https:\/\/catalog.voka.io\/en\/models\/3ed27118-f048-4865-b4ec-042c2caa7e2f\/127b9074-8c2d-4943-87a6-2ea48774cc23\/c4e5e193-00f9-43c6-b22f-189ab2c7de2d\/4242a3d5-1e27-498e-8066-2dfd5d324a24\" target=\"_blank\" rel=\"noreferrer noopener nofollow\">Modelo 3D<\/a><\/figcaption><\/figure>\n<p>Dependendo do fator etiol\u00f3gico, o dente afetado pode apresentar:<\/p>\n<ul class=\"wp-block-list\">\n<li>Uma cavidade cariosa profunda que penetra na polpa do dente;<\/li>\n<li>As restaura\u00e7\u00f5es dent\u00e1rias adjacentes ao tecido pulpar podem apresentar sinais de comprometimento do selamento (defeitos, fissuras na restaura\u00e7\u00e3o, pigmenta\u00e7\u00e3o na margem, c\u00e1ries secund\u00e1rias);<\/li>\n<li>Sinais de traumatismo (fissuras, dentina lascada, parte da polpa exposta).<\/li>\n<\/ul>\n<p>A polpa do dente est\u00e1 total ou parcialmente necr\u00f3tica, de cor cinzenta-amarelada ou negra-acinzentada, inchada, hiper\u00e9mica, podendo observar-se polpa vermelha brilhante na \u00e1rea das pontas das ra\u00edzes. O espa\u00e7o do ligamento periodontal na \u00e1rea do \u00e1pice da raiz est\u00e1 dilatado, preenchido com exsudado de car\u00e1cter seroso-hemorr\u00e1gico ou purulento. <\/p>\n<figure class=\"wp-block-video\" id=\"animacao-3d-periodontite-apical-aguda\"><video controls><source data-src=\"https:\/\/storage.googleapis.com\/dev_wiki_voka_io_303011\/articles\/Dentistry\/Acute%20apical%20periodontitis%3A%20etiology%2C%20anatomy%2C%20clinical%20presentation%20and%20treatment\/Horizontal%20apic%20pereodontit%20plashki%20watermark.webm\" type=\"video\/webm\"><\/source><\/video><figcaption class=\"wp-element-caption\">Anima\u00e7\u00e3o 3D \u2013 Periodontite apical aguda<\/figcaption><\/figure>\n<h2 class=\"wp-block-heading\" id=\"diagnostico\">Diagn\u00f3stico<\/h2>\n<ul class=\"wp-block-list\">\n<li>Recolha de queixas e anamnese (presen\u00e7a, localiza\u00e7\u00e3o e intensidade da dor, dura\u00e7\u00e3o da doen\u00e7a, presen\u00e7a de traumatismos ou procedimentos dent\u00e1rios anteriores);<\/li>\n<li>Inspe\u00e7\u00e3o visual \u2013 a coroa do dente pode ser acinzentada devido \u00e0 penetra\u00e7\u00e3o de produtos de decomposi\u00e7\u00e3o da polpa nos tubos dentin\u00e1rios;<\/li>\n<li>A percuss\u00e3o do dente \u00e9 dolorosa;<\/li>\n<li>Palpa\u00e7\u00e3o da prega transicional \u2013 pode ser dolorosa, na \u00e1rea da prega transicional na proje\u00e7\u00e3o do \u00e1pice da raiz pode haver incha\u00e7o e hiperemia da membrana mucosa;<\/li>\n<li>Termoprobe e electroodontodiagn\u00f3stico \u2013 n\u00e3o responde a est\u00edmulos t\u00e9rmicos e el\u00e9ctricos;<\/li>\n<li>Radiografia (radiografia de contacto intra-oral, radiovisiografia, ortopantomografia, tomografia computorizada de feixe c\u00f3nico): cavidade cariosa, restaura\u00e7\u00e3o ou defeito traum\u00e1tico que penetre na c\u00e2mara pulpar, expans\u00e3o do espa\u00e7o do ligamento periodontal no \u00e1pice da raiz.<\/li>\n<\/ul>\n<h2 class=\"wp-block-heading\" id=\"manifestacoes-clinicas\">Manifesta\u00e7\u00f5es cl\u00ednicas<\/h2>\n<p>O doente queixa-se de uma dor localizada constante que aumenta com a mordedura, de uma sensa\u00e7\u00e3o de \u201cdente crescido\u201d e, por vezes, de descolora\u00e7\u00e3o dent\u00e1ria. A hist\u00f3ria pode revelar que houve uma rea\u00e7\u00e3o prolongada a est\u00edmulos t\u00e9rmicos e\/ou dor espont\u00e2nea, que se resolveu com o tempo. <\/p>\n<div class=\"social-banner-block\">\n<div class=\"social-banner-content\">\n<p class=\"h5-title text-black\">Encontra mais conte\u00fados cientificamente exactos nas nossas redes sociais<\/p>\n<p><span class=\"social-banner-text text-grey\">Subscreve e n\u00e3o percas os recursos mais recentes<\/span><\/p>\n<div class=\"social-links-wrapper\"><a class=\"social-icon-link\" href=\"https:\/\/www.facebook.com\/VOKA3DAnatomyAndPathology\/\" target=\"_blank\" rel=\"nofollow noopener\"><img decoding=\"async\" src=\"https:\/\/storage.googleapis.com\/dev_wiki_voka_io_303011\/common\/Social%20Icons\/facebook.svg\" alt=\"social link\"><\/a><a class=\"social-icon-link\" href=\"https:\/\/www.instagram.com\/voka.io\/\" target=\"_blank\" rel=\"nofollow noopener\"><img decoding=\"async\" src=\"https:\/\/storage.googleapis.com\/dev_wiki_voka_io_303011\/common\/Social%20Icons\/insta.svg\" alt=\"social link\"><\/a><a class=\"social-icon-link\" href=\"https:\/\/www.linkedin.com\/company\/voka-io\/posts\/?feedView=all\" target=\"_blank\" rel=\"nofollow noopener\"><img decoding=\"async\" src=\"https:\/\/storage.googleapis.com\/dev_wiki_voka_io_303011\/common\/Social%20Icons\/linkedin.svg\" alt=\"social link\"><\/a><a class=\"social-icon-link\" href=\"https:\/\/www.youtube.com\/@vokaio\" target=\"_blank\" rel=\"nofollow noopener\"><img decoding=\"async\" src=\"https:\/\/storage.googleapis.com\/dev_wiki_voka_io_303011\/common\/Social%20Icons\/youtube.svg\" alt=\"social link\"><\/a><a class=\"social-icon-link\" href=\"https:\/\/www.pinterest.com\/voka3danatomyandpathology\/\" target=\"_blank\" rel=\"nofollow noopener\"><img decoding=\"async\" src=\"https:\/\/storage.googleapis.com\/dev_wiki_voka_io_303011\/common\/Social%20Icons\/pinterest.svg\" alt=\"social link\"><\/a><a class=\"social-icon-link\" href=\"https:\/\/www.tiktok.com\/@voka.io\" target=\"_blank\" rel=\"nofollow noopener\"><img decoding=\"async\" src=\"https:\/\/storage.googleapis.com\/dev_wiki_voka_io_303011\/common\/Social%20Icons\/tiktok.svg\" alt=\"social link\"><\/a><a class=\"social-icon-link\" href=\"https:\/\/discord.gg\/7ejUpq8DRR\" target=\"_blank\" rel=\"nofollow noopener\"><img decoding=\"async\" src=\"https:\/\/storage.googleapis.com\/dev_wiki_voka_io_303011\/common\/Social%20Icons\/discord.svg\" alt=\"social link\"><\/a><\/div>\n<\/div>\n<p><img decoding=\"async\" class=\"social-banner-image\" loading=\"lazy\" src=\"https:\/\/storage.googleapis.com\/dev_wiki_voka_io_303011\/common\/social-media-banner-mobile-image.webp\" alt=\"Banner background\"><\/div>\n<h2 class=\"wp-block-heading\" id=\"tratamento-da-periodontite-apical-aguda\"><strong>Tratamento da periodontite apical aguda<\/strong><\/h2>\n<p>O tratamento endod\u00f4ntico do dente \u00e9 efectuado: extirpa\u00e7\u00e3o da polpa necr\u00f3tica, tratamento mec\u00e2nico e irriga\u00e7\u00e3o dos canais radiculares. Em caso de exsuda\u00e7\u00e3o dos canais radiculares, recomenda-se a utiliza\u00e7\u00e3o de pastas tempor\u00e1rias \u00e0 base de hidr\u00f3xido de c\u00e1lcio. Posteriormente, os canais radiculares s\u00e3o obturados com uma restaura\u00e7\u00e3o subsequente.  <\/p>\n<p>Se o progn\u00f3stico do tratamento endod\u00f4ntico n\u00e3o for satisfat\u00f3rio, recomenda-se a extra\u00e7\u00e3o do dente.<\/p>\n<p>Na presen\u00e7a de um contacto prematuro da restaura\u00e7\u00e3o ou de um traumatismo mec\u00e2nico, os contactos oclusais s\u00e3o refeitos, normalizados e monitorizados dinamicamente.<\/p>\n<div>\n<h2 class=\"faq-title h2-article\" id=\"faq\">FAQ<\/h2>\n<div class=\"faq-section\">\n<div class=\"faq-item faq-answer-hidden\">\n<div class=\"question-block\">\n<div class=\"faq-question\">\n<p class=\" text-black h5-title\">1. O que \u00e9 a periodontite apical aguda?<\/p>\n<\/div>\n<div class=\"faq-answer text-main-text-color main-text-medium\">A periodontite apical aguda \u00e9 uma doen\u00e7a inflamat\u00f3ria dos tecidos \u00e0 volta do \u00e1pice da raiz do dente que ocorre em resposta a uma infe\u00e7\u00e3o, dano qu\u00edmico ou trauma.<\/div>\n<\/div>\n<div class=\"expand-button-wrapper\"><button class=\"text-accent expand-button\">+<\/button><\/div>\n<\/div>\n<div class=\"faq-item faq-answer-hidden\">\n<div class=\"question-block\">\n<div class=\"faq-question\">\n<p class=\" text-black h5-title\">2. Quais s\u00e3o os principais sintomas da periodontite apical aguda?<\/p>\n<\/div>\n<div class=\"faq-answer text-main-text-color main-text-medium\">Os principais sintomas incluem uma dor de dentes intensa, que aumenta com a mordedura, e a sensa\u00e7\u00e3o de um dente \u201ccrescido\u201d. Tamb\u00e9m s\u00e3o poss\u00edveis incha\u00e7o e hiperemia da membrana mucosa da prega transicional, aumento da temperatura corporal e aumento dos g\u00e2nglios linf\u00e1ticos regionais. <\/div>\n<\/div>\n<div class=\"expand-button-wrapper\"><button class=\"text-accent expand-button\">+<\/button><\/div>\n<\/div>\n<div class=\"faq-item faq-answer-hidden\">\n<div class=\"question-block\">\n<div class=\"faq-question\">\n<p class=\" text-black h5-title\">3. Como \u00e9 que a periodontite apical aguda \u00e9 tratada?<\/p>\n<\/div>\n<div class=\"faq-answer text-main-text-color main-text-medium\">O tratamento inclui o tratamento mec\u00e2nico e anti-s\u00e9tico dos canais radiculares, a drenagem do exsudado, a obtura\u00e7\u00e3o tempor\u00e1ria dos canais radiculares at\u00e9 a exsuda\u00e7\u00e3o parar e a obtura\u00e7\u00e3o subsequente dos canais radiculares. Em caso de progn\u00f3stico insatisfat\u00f3rio do tratamento endod\u00f4ntico ou da restaura\u00e7\u00e3o, pode ser necess\u00e1ria a extra\u00e7\u00e3o do dente. <\/div>\n<\/div>\n<div class=\"expand-button-wrapper\"><button class=\"text-accent expand-button\">+<\/button><\/div>\n<\/div>\n<div class=\"faq-item faq-answer-hidden\">\n<div class=\"question-block\">\n<div class=\"faq-question\">\n<p class=\" text-black h5-title\">4. Que complica\u00e7\u00f5es s\u00e3o poss\u00edveis se n\u00e3o fores tratado?<\/p>\n<\/div>\n<div class=\"faq-answer text-main-text-color main-text-medium\">Sem tratamento, a infe\u00e7\u00e3o pode propagar-se: periostite, osteomielite, abcesso, flegm\u00e3o, mediastinite ou generaliza\u00e7\u00e3o da infe\u00e7\u00e3o (s\u00e9psis). Estas situa\u00e7\u00f5es requerem uma interven\u00e7\u00e3o m\u00e9dica urgente. <\/div>\n<\/div>\n<div class=\"expand-button-wrapper\"><button class=\"text-accent expand-button\">+<\/button><\/div>\n<\/div>\n<\/div>\n<p><script type=\"application\/ld+json\">\n    {\n    \"@context\": \"https:\/\/schema.org\",\n    \"@type\": \"FAQPage\",\n    \"mainEntity\": [\n        {\n            \"@type\": \"Question\",\n            \"name\": \"O que \u00e9 a periodontite apical aguda?\",\n            \"acceptedAnswer\": {\n                \"@type\": \"Answer\",\n                \"text\": \"A periodontite apical aguda \u00e9 uma doen\u00e7a inflamat\u00f3ria dos tecidos \u00e0 volta do \u00e1pice da raiz do dente que ocorre em resposta a uma infe\u00e7\u00e3o, dano qu\u00edmico ou trauma.\"\n            }\n        },\n        {\n            \"@type\": \"Question\",\n            \"name\": \"Quais s\u00e3o os principais sintomas da periodontite apical aguda?\",\n            \"acceptedAnswer\": {\n                \"@type\": \"Answer\",\n                \"text\": \"Os principais sintomas incluem uma dor de dentes intensa, que aumenta com a mordedura, e a sensa\u00e7\u00e3o de um dente \\\"crescido\\\". Tamb\u00e9m s\u00e3o poss\u00edveis incha\u00e7o e hiperemia da membrana mucosa da prega transicional, aumento da temperatura corporal e aumento dos g\u00e2nglios linf\u00e1ticos regionais. \"\n            }\n        },\n        {\n            \"@type\": \"Question\",\n            \"name\": \"Como \u00e9 que a periodontite apical aguda \u00e9 tratada?\",\n            \"acceptedAnswer\": {\n                \"@type\": \"Answer\",\n                \"text\": \"O tratamento inclui o tratamento mec\u00e2nico e anti-s\u00e9tico dos canais radiculares, a drenagem do exsudado, a obtura\u00e7\u00e3o tempor\u00e1ria dos canais radiculares at\u00e9 a exsuda\u00e7\u00e3o parar e a obtura\u00e7\u00e3o subsequente dos canais radiculares. Em caso de progn\u00f3stico insatisfat\u00f3rio do tratamento endod\u00f4ntico ou da restaura\u00e7\u00e3o, pode ser necess\u00e1ria a extra\u00e7\u00e3o do dente. \"\n            }\n        },\n        {\n            \"@type\": \"Question\",\n            \"name\": \"Que complica\u00e7\u00f5es s\u00e3o poss\u00edveis se n\u00e3o fores tratado?\",\n            \"acceptedAnswer\": {\n                \"@type\": \"Answer\",\n                \"text\": \"Sem tratamento, a infe\u00e7\u00e3o pode propagar-se: periostite, osteomielite, abcesso, flegm\u00e3o, mediastinite ou generaliza\u00e7\u00e3o da infe\u00e7\u00e3o (s\u00e9psis). Estas situa\u00e7\u00f5es requerem uma interven\u00e7\u00e3o m\u00e9dica urgente. \"\n            }\n        }\n    ]\n}<\/script><\/div>\n<div class=\"sources-list-block sources-list-hidden\" id=\"lista-de-fontes\">\n<div class=\"sources-list-content\">\n<div class=\"sources-list-title\">\n<p class=\"small-text-bold text-black sources-list-title-text\">Lista de fontes<\/p>\n<div class=\"sources-expand-button-wrapper-mobile\">\n<div class=\"sources-expand-button\"><svg width=\"32\" height=\"32\" viewbox=\"0 0 32 32\" fill=\"none\" xmlns=\"http:\/\/www.w3.org\/2000\/svg\"><path d=\"M8 12L16 20L24 12\" stroke=\"#8C9AAB\" stroke-width=\"2\" stroke-linecap=\"round\" stroke-linejoin=\"round\"><\/path><\/svg><\/div>\n<\/div>\n<\/div>\n<div class=\"sources-list-items\">\n<div class=\"source-item\">\n<p class=\"main-text-semibold text-black\">1.<\/p>\n<div class=\"source-item-content\">\n<p class=\"main-text-semibold text-black\">Berman, L. H., & Hargreaves, K. M. (2020). Cohen\u2019s Pathways of the Pulp Expert Consult. Elsevier.  <\/p>\n<\/div>\n<\/div>\n<div class=\"source-item\">\n<p class=\"main-text-semibold text-black\">2.<\/p>\n<div class=\"source-item-content\">\n<p class=\"main-text-semibold text-black\">Torabinejad, M., Fouad, A., & Shabahang, S. (2020). Endodontics: Principles and Practice. Elsevier.  <\/p>\n<\/div>\n<\/div>\n<div class=\"source-item\">\n<p class=\"main-text-semibold text-black\">3.<\/p>\n<div class=\"source-item-content\">\n<p class=\"main-text-semibold text-black\">American Association of Endodontists. (2019, June 3). Guide to Clinical Endodontics \u2013 American Association of Endodontists.  <\/p>\n<p><span class=\"small-text-medium text-grey\">https:\/\/www.aae.org\/specialty\/clinical-resources\/guide-clinical-endodontics\/<\/span><\/div>\n<\/div>\n<div class=\"source-item\">\n<p class=\"main-text-semibold text-black\">4.<\/p>\n<div class=\"source-item-content\">\n<p class=\"main-text-semibold text-black\">Ricucci, D., & Siqueira, J. F. (2013). Endodontology: An Integrated Biological and Clinical View. Quintessence Publishing (IL).  <\/p>\n<\/div>\n<\/div>\n<div class=\"source-item\">\n<p class=\"main-text-semibold text-black\">5.<\/p>\n<div class=\"source-item-content\">\n<p class=\"main-text-semibold text-black\">Bergenholtz, G., H\u00f8rsted-Bindslev, P., & Reit, C. (2013). Textbook of Endodontology. John Wiley & Sons.  <\/p>\n<\/div>\n<\/div>\n<div class=\"source-item\">\n<p class=\"main-text-semibold text-black\">6.<\/p>\n<div class=\"source-item-content\">\n<p class=\"main-text-semibold text-black\">H\u00fclsmann, M., Sch\u00e4fer, E., Bargholz, C., & Barthel, C. (2009). Problems in endodontics: Etiology, Diagnosis and Treatment. Quintessence Publishing (IL).  <\/p>\n<\/div>\n<\/div>\n<div class=\"source-item\">\n<p class=\"main-text-semibold text-black\">7.<\/p>\n<div class=\"source-item-content\">\n<p class=\"main-text-semibold text-black\">Beer, R., Baumann, M. A., & Kielbassa, A. M. (2004). Taschenatlas der Endodontie. <\/p>\n<\/div>\n<\/div>\n<\/div>\n<\/div>\n<div class=\"sources-expand-button-wrapper\">\n<div class=\"sources-expand-button\"><svg width=\"32\" height=\"32\" viewbox=\"0 0 32 32\" fill=\"none\" xmlns=\"http:\/\/www.w3.org\/2000\/svg\"><path d=\"M8 12L16 20L24 12\" stroke=\"#8C9AAB\" stroke-width=\"2\" stroke-linecap=\"round\" stroke-linejoin=\"round\"><\/path><\/svg><\/div>\n<\/div>\n<\/div>\n","protected":false},"excerpt":{"rendered":"<p>A periodontite apical aguda \u00e9 uma inflama\u00e7\u00e3o do tecido periodontal, causada principalmente por uma infe\u00e7\u00e3o no sistema de canais radiculares do dente. Envolve o envolvimento do osso alveolar, do ligamento periodontal e do cemento na \u00e1rea do \u00e1pice da raiz do dente (\u00e1rea periapical). A etiologia A periodontite apical pode ser causada pelos seguintes factores: [&hellip;]<\/p>\n","protected":false},"author":3,"featured_media":0,"template":"","diseases_category":[294],"class_list":["post-892","diseases_post","type-diseases_post","status-publish","hentry","diseases_category-dentarias"],"acf":[],"yoast_head":"<!-- This site is optimized with the Yoast SEO Premium plugin v25.0 (Yoast SEO v26.5) - https:\/\/yoast.com\/wordpress\/plugins\/seo\/ -->\n<title>Periodontite apical aguda - Causas, sintomas e tratamento<\/title>\n<meta name=\"description\" content=\"A periodontite apical aguda \u00e9 uma inflama\u00e7\u00e3o do tecido \u00e0 volta da raiz de um dente causada por uma infe\u00e7\u00e3o. Aprende sobre as causas, os sintomas, os m\u00e9todos de diagn\u00f3stico e as op\u00e7\u00f5es de tratamento modernas para esta doen\u00e7a.\" \/>\n<meta name=\"robots\" content=\"index, follow, max-snippet:-1, max-image-preview:large, max-video-preview:-1\" \/>\n<link rel=\"canonical\" href=\"https:\/\/wiki.voka.io\/pt\/doencas\/dentarias\/periodontite-apical-aguda\/\" \/>\n<meta property=\"og:locale\" content=\"pt_PT\" \/>\n<meta property=\"og:type\" content=\"article\" \/>\n<meta property=\"og:title\" content=\"Periodontite apical aguda: Etiologia, anatomia, apresenta\u00e7\u00e3o cl\u00ednica e tratamento\" \/>\n<meta property=\"og:description\" content=\"A periodontite apical aguda \u00e9 uma inflama\u00e7\u00e3o do tecido \u00e0 volta da raiz de um dente causada por uma infe\u00e7\u00e3o. Aprende sobre as causas, os sintomas, os m\u00e9todos de diagn\u00f3stico e as op\u00e7\u00f5es de tratamento modernas para esta doen\u00e7a.\" \/>\n<meta property=\"og:url\" content=\"https:\/\/wiki.voka.io\/pt\/doencas\/dentarias\/periodontite-apical-aguda\/\" \/>\n<meta property=\"og:site_name\" content=\"Voka Wiki\" \/>\n<meta property=\"article:publisher\" content=\"https:\/\/www.facebook.com\/VOKA3DAnatomyAndPathology\/\" \/>\n<meta property=\"article:modified_time\" content=\"2025-07-18T14:33:33+00:00\" \/>\n<meta property=\"og:image\" content=\"https:\/\/storage.googleapis.com\/dev_wiki_voka_io_303011\/articles\/Dentistry\/Acute%20apical%20periodontitis%3A%20etiology%2C%20anatomy%2C%20clinical%20presentation%20and%20treatment\/acute-apical-periodontitis%202%2016-9.webp\" \/>\n<meta name=\"twitter:card\" content=\"summary_large_image\" \/>\n<meta name=\"twitter:label1\" content=\"Tempo estimado de leitura\" \/>\n\t<meta name=\"twitter:data1\" content=\"5 minutos\" \/>\n<script type=\"application\/ld+json\" class=\"yoast-schema-graph\">{\"@context\":\"https:\/\/schema.org\",\"@graph\":[{\"@type\":\"Article\",\"@id\":\"https:\/\/wiki.voka.io\/pt\/doencas\/dentarias\/periodontite-apical-aguda\/#article\",\"isPartOf\":{\"@id\":\"https:\/\/wiki.voka.io\/pt\/doencas\/dentarias\/periodontite-apical-aguda\/\"},\"author\":{\"name\":\"Daria A.\",\"@id\":\"https:\/\/wiki.voka.io\/pt\/#\/schema\/person\/77d1a6a9a941a3f5c38f388a934d5fbc\"},\"headline\":\"Periodontite apical aguda: Etiologia, anatomia, apresenta\u00e7\u00e3o cl\u00ednica e tratamento\",\"datePublished\":\"2025-04-03T09:06:01+00:00\",\"dateModified\":\"2025-07-18T14:33:33+00:00\",\"mainEntityOfPage\":{\"@id\":\"https:\/\/wiki.voka.io\/pt\/doencas\/dentarias\/periodontite-apical-aguda\/\"},\"wordCount\":1080,\"publisher\":{\"@id\":\"https:\/\/wiki.voka.io\/pt\/#organization\"},\"image\":{\"@id\":\"https:\/\/wiki.voka.io\/pt\/doencas\/dentarias\/periodontite-apical-aguda\/#primaryimage\"},\"thumbnailUrl\":\"https:\/\/storage.googleapis.com\/dev_wiki_voka_io_303011\/articles\/Dentistry\/Acute%20apical%20periodontitis%3A%20etiology%2C%20anatomy%2C%20clinical%20presentation%20and%20treatment\/acute-apical-periodontitis%202%2016-9.webp\",\"inLanguage\":\"pt-PT\"},{\"@type\":\"WebPage\",\"@id\":\"https:\/\/wiki.voka.io\/pt\/doencas\/dentarias\/periodontite-apical-aguda\/\",\"url\":\"https:\/\/wiki.voka.io\/pt\/doencas\/dentarias\/periodontite-apical-aguda\/\",\"name\":\"Periodontite apical aguda - Causas, sintomas e tratamento\",\"isPartOf\":{\"@id\":\"https:\/\/wiki.voka.io\/pt\/#website\"},\"primaryImageOfPage\":{\"@id\":\"https:\/\/wiki.voka.io\/pt\/doencas\/dentarias\/periodontite-apical-aguda\/#primaryimage\"},\"image\":{\"@id\":\"https:\/\/wiki.voka.io\/pt\/doencas\/dentarias\/periodontite-apical-aguda\/#primaryimage\"},\"thumbnailUrl\":\"https:\/\/storage.googleapis.com\/dev_wiki_voka_io_303011\/articles\/Dentistry\/Acute%20apical%20periodontitis%3A%20etiology%2C%20anatomy%2C%20clinical%20presentation%20and%20treatment\/acute-apical-periodontitis%202%2016-9.webp\",\"datePublished\":\"2025-04-03T09:06:01+00:00\",\"dateModified\":\"2025-07-18T14:33:33+00:00\",\"description\":\"A periodontite apical aguda \u00e9 uma inflama\u00e7\u00e3o do tecido \u00e0 volta da raiz de um dente causada por uma infe\u00e7\u00e3o. Aprende sobre as causas, os sintomas, os m\u00e9todos de diagn\u00f3stico e as op\u00e7\u00f5es de tratamento modernas para esta doen\u00e7a.\",\"breadcrumb\":{\"@id\":\"https:\/\/wiki.voka.io\/pt\/doencas\/dentarias\/periodontite-apical-aguda\/#breadcrumb\"},\"inLanguage\":\"pt-PT\",\"potentialAction\":[{\"@type\":\"ReadAction\",\"target\":[\"https:\/\/wiki.voka.io\/pt\/doencas\/dentarias\/periodontite-apical-aguda\/\"]}]},{\"@type\":\"ImageObject\",\"inLanguage\":\"pt-PT\",\"@id\":\"https:\/\/wiki.voka.io\/pt\/doencas\/dentarias\/periodontite-apical-aguda\/#primaryimage\",\"url\":\"https:\/\/storage.googleapis.com\/dev_wiki_voka_io_303011\/articles\/Dentistry\/Acute%20apical%20periodontitis%3A%20etiology%2C%20anatomy%2C%20clinical%20presentation%20and%20treatment\/acute-apical-periodontitis%202%2016-9.webp\",\"contentUrl\":\"https:\/\/storage.googleapis.com\/dev_wiki_voka_io_303011\/articles\/Dentistry\/Acute%20apical%20periodontitis%3A%20etiology%2C%20anatomy%2C%20clinical%20presentation%20and%20treatment\/acute-apical-periodontitis%202%2016-9.webp\"},{\"@type\":\"BreadcrumbList\",\"@id\":\"https:\/\/wiki.voka.io\/pt\/doencas\/dentarias\/periodontite-apical-aguda\/#breadcrumb\",\"itemListElement\":[{\"@type\":\"ListItem\",\"position\":1,\"name\":\"Home\",\"item\":\"https:\/\/wiki.voka.io\/pt\/\"},{\"@type\":\"ListItem\",\"position\":2,\"name\":\"Diseases posts\",\"item\":\"https:\/\/wiki.voka.io\/pt\/doencas\/%diseases_category%\/\"},{\"@type\":\"ListItem\",\"position\":3,\"name\":\"Periodontite apical aguda: Etiologia, anatomia, apresenta\u00e7\u00e3o cl\u00ednica e tratamento\"}]},{\"@type\":\"WebSite\",\"@id\":\"https:\/\/wiki.voka.io\/pt\/#website\",\"url\":\"https:\/\/wiki.voka.io\/pt\/\",\"name\":\"Voka Wiki\",\"description\":\"\",\"publisher\":{\"@id\":\"https:\/\/wiki.voka.io\/pt\/#organization\"},\"alternateName\":\"Anatomy & Pathology Wiki by VOKA\",\"potentialAction\":[{\"@type\":\"SearchAction\",\"target\":{\"@type\":\"EntryPoint\",\"urlTemplate\":\"https:\/\/wiki.voka.io\/pt\/?s={search_term_string}\"},\"query-input\":{\"@type\":\"PropertyValueSpecification\",\"valueRequired\":true,\"valueName\":\"search_term_string\"}}],\"inLanguage\":\"pt-PT\"},{\"@type\":\"Organization\",\"@id\":\"https:\/\/wiki.voka.io\/pt\/#organization\",\"name\":\"Voka 3D Anatomy & Pathology\",\"alternateName\":\"VOKA\",\"url\":\"https:\/\/wiki.voka.io\/pt\/\",\"logo\":{\"@type\":\"ImageObject\",\"inLanguage\":\"pt-PT\",\"@id\":\"https:\/\/wiki.voka.io\/pt\/#\/schema\/logo\/image\/\",\"url\":\"https:\/\/wiki.voka.io\/wp-content\/uploads\/2025\/02\/cropped-voka-logo-1.png\",\"contentUrl\":\"https:\/\/wiki.voka.io\/wp-content\/uploads\/2025\/02\/cropped-voka-logo-1.png\",\"width\":70,\"height\":16,\"caption\":\"Voka 3D Anatomy & Pathology\"},\"image\":{\"@id\":\"https:\/\/wiki.voka.io\/pt\/#\/schema\/logo\/image\/\"},\"sameAs\":[\"https:\/\/www.facebook.com\/VOKA3DAnatomyAndPathology\/\",\"https:\/\/www.instagram.com\/voka.io\/\",\"https:\/\/www.linkedin.com\/company\/voka-io\/\",\"https:\/\/www.youtube.com\/channel\/UCqGGuOEpr62ScH8Pjk2q5zw\/videos\",\"https:\/\/www.pinterest.com\/VokaAnatomyPro\/\",\"https:\/\/www.threads.com\/@voka.io\"],\"description\":\"VOKA.io offers 3D medical animations and custom 3D modeling services. Our product, VOKA 3D Anatomy & Pathology, is a digital atlas with over 1,000 detailed 3D models of human anatomy and pathology, designed for medical education, training, and patient communication.\",\"email\":\"info@voka.io\",\"telephone\":\"+1 814 351 4442\",\"legalName\":\"Voka 3D Anatomy & Pathology\",\"foundingDate\":\"2017-02-12\",\"naics\":\"541512\",\"numberOfEmployees\":{\"@type\":\"QuantitativeValue\",\"minValue\":\"51\",\"maxValue\":\"200\"},\"publishingPrinciples\":\"https:\/\/wiki.voka.io\/pt\/principios-de-publicacao\/\"},{\"@type\":\"Person\",\"@id\":\"https:\/\/wiki.voka.io\/pt\/#\/schema\/person\/77d1a6a9a941a3f5c38f388a934d5fbc\",\"name\":\"Daria A.\",\"image\":{\"@type\":\"ImageObject\",\"inLanguage\":\"pt-PT\",\"@id\":\"https:\/\/wiki.voka.io\/pt\/#\/schema\/person\/image\/\",\"url\":\"https:\/\/secure.gravatar.com\/avatar\/b55036bfe0a868e0402f78b7961e614dda4c6078e861af3f1c110828a06485fc?s=96&d=mm&r=g\",\"contentUrl\":\"https:\/\/secure.gravatar.com\/avatar\/b55036bfe0a868e0402f78b7961e614dda4c6078e861af3f1c110828a06485fc?s=96&d=mm&r=g\",\"caption\":\"Daria A.\"}}]}<\/script>\n<!-- \/ Yoast SEO Premium plugin. -->","yoast_head_json":{"title":"Periodontite apical aguda - Causas, sintomas e tratamento","description":"A periodontite apical aguda \u00e9 uma inflama\u00e7\u00e3o do tecido \u00e0 volta da raiz de um dente causada por uma infe\u00e7\u00e3o. Aprende sobre as causas, os sintomas, os m\u00e9todos de diagn\u00f3stico e as op\u00e7\u00f5es de tratamento modernas para esta doen\u00e7a.","robots":{"index":"index","follow":"follow","max-snippet":"max-snippet:-1","max-image-preview":"max-image-preview:large","max-video-preview":"max-video-preview:-1"},"canonical":"https:\/\/wiki.voka.io\/pt\/doencas\/dentarias\/periodontite-apical-aguda\/","og_locale":"pt_PT","og_type":"article","og_title":"Periodontite apical aguda: Etiologia, anatomia, apresenta\u00e7\u00e3o cl\u00ednica e tratamento","og_description":"A periodontite apical aguda \u00e9 uma inflama\u00e7\u00e3o do tecido \u00e0 volta da raiz de um dente causada por uma infe\u00e7\u00e3o. Aprende sobre as causas, os sintomas, os m\u00e9todos de diagn\u00f3stico e as op\u00e7\u00f5es de tratamento modernas para esta doen\u00e7a.","og_url":"https:\/\/wiki.voka.io\/pt\/doencas\/dentarias\/periodontite-apical-aguda\/","og_site_name":"Voka Wiki","article_publisher":"https:\/\/www.facebook.com\/VOKA3DAnatomyAndPathology\/","article_modified_time":"2025-07-18T14:33:33+00:00","og_image":[{"url":"https:\/\/storage.googleapis.com\/dev_wiki_voka_io_303011\/articles\/Dentistry\/Acute%20apical%20periodontitis%3A%20etiology%2C%20anatomy%2C%20clinical%20presentation%20and%20treatment\/acute-apical-periodontitis%202%2016-9.webp","type":"","width":"","height":""}],"twitter_card":"summary_large_image","twitter_misc":{"Tempo estimado de leitura":"5 minutos"},"schema":{"@context":"https:\/\/schema.org","@graph":[{"@type":"Article","@id":"https:\/\/wiki.voka.io\/pt\/doencas\/dentarias\/periodontite-apical-aguda\/#article","isPartOf":{"@id":"https:\/\/wiki.voka.io\/pt\/doencas\/dentarias\/periodontite-apical-aguda\/"},"author":{"name":"Daria A.","@id":"https:\/\/wiki.voka.io\/pt\/#\/schema\/person\/77d1a6a9a941a3f5c38f388a934d5fbc"},"headline":"Periodontite apical aguda: Etiologia, anatomia, apresenta\u00e7\u00e3o cl\u00ednica e tratamento","datePublished":"2025-04-03T09:06:01+00:00","dateModified":"2025-07-18T14:33:33+00:00","mainEntityOfPage":{"@id":"https:\/\/wiki.voka.io\/pt\/doencas\/dentarias\/periodontite-apical-aguda\/"},"wordCount":1080,"publisher":{"@id":"https:\/\/wiki.voka.io\/pt\/#organization"},"image":{"@id":"https:\/\/wiki.voka.io\/pt\/doencas\/dentarias\/periodontite-apical-aguda\/#primaryimage"},"thumbnailUrl":"https:\/\/storage.googleapis.com\/dev_wiki_voka_io_303011\/articles\/Dentistry\/Acute%20apical%20periodontitis%3A%20etiology%2C%20anatomy%2C%20clinical%20presentation%20and%20treatment\/acute-apical-periodontitis%202%2016-9.webp","inLanguage":"pt-PT"},{"@type":"WebPage","@id":"https:\/\/wiki.voka.io\/pt\/doencas\/dentarias\/periodontite-apical-aguda\/","url":"https:\/\/wiki.voka.io\/pt\/doencas\/dentarias\/periodontite-apical-aguda\/","name":"Periodontite apical aguda - Causas, sintomas e tratamento","isPartOf":{"@id":"https:\/\/wiki.voka.io\/pt\/#website"},"primaryImageOfPage":{"@id":"https:\/\/wiki.voka.io\/pt\/doencas\/dentarias\/periodontite-apical-aguda\/#primaryimage"},"image":{"@id":"https:\/\/wiki.voka.io\/pt\/doencas\/dentarias\/periodontite-apical-aguda\/#primaryimage"},"thumbnailUrl":"https:\/\/storage.googleapis.com\/dev_wiki_voka_io_303011\/articles\/Dentistry\/Acute%20apical%20periodontitis%3A%20etiology%2C%20anatomy%2C%20clinical%20presentation%20and%20treatment\/acute-apical-periodontitis%202%2016-9.webp","datePublished":"2025-04-03T09:06:01+00:00","dateModified":"2025-07-18T14:33:33+00:00","description":"A periodontite apical aguda \u00e9 uma inflama\u00e7\u00e3o do tecido \u00e0 volta da raiz de um dente causada por uma infe\u00e7\u00e3o. Aprende sobre as causas, os sintomas, os m\u00e9todos de diagn\u00f3stico e as op\u00e7\u00f5es de tratamento modernas para esta doen\u00e7a.","breadcrumb":{"@id":"https:\/\/wiki.voka.io\/pt\/doencas\/dentarias\/periodontite-apical-aguda\/#breadcrumb"},"inLanguage":"pt-PT","potentialAction":[{"@type":"ReadAction","target":["https:\/\/wiki.voka.io\/pt\/doencas\/dentarias\/periodontite-apical-aguda\/"]}]},{"@type":"ImageObject","inLanguage":"pt-PT","@id":"https:\/\/wiki.voka.io\/pt\/doencas\/dentarias\/periodontite-apical-aguda\/#primaryimage","url":"https:\/\/storage.googleapis.com\/dev_wiki_voka_io_303011\/articles\/Dentistry\/Acute%20apical%20periodontitis%3A%20etiology%2C%20anatomy%2C%20clinical%20presentation%20and%20treatment\/acute-apical-periodontitis%202%2016-9.webp","contentUrl":"https:\/\/storage.googleapis.com\/dev_wiki_voka_io_303011\/articles\/Dentistry\/Acute%20apical%20periodontitis%3A%20etiology%2C%20anatomy%2C%20clinical%20presentation%20and%20treatment\/acute-apical-periodontitis%202%2016-9.webp"},{"@type":"BreadcrumbList","@id":"https:\/\/wiki.voka.io\/pt\/doencas\/dentarias\/periodontite-apical-aguda\/#breadcrumb","itemListElement":[{"@type":"ListItem","position":1,"name":"Home","item":"https:\/\/wiki.voka.io\/pt\/"},{"@type":"ListItem","position":2,"name":"Diseases posts","item":"https:\/\/wiki.voka.io\/pt\/doencas\/%diseases_category%\/"},{"@type":"ListItem","position":3,"name":"Periodontite apical aguda: Etiologia, anatomia, apresenta\u00e7\u00e3o cl\u00ednica e tratamento"}]},{"@type":"WebSite","@id":"https:\/\/wiki.voka.io\/pt\/#website","url":"https:\/\/wiki.voka.io\/pt\/","name":"Voka Wiki","description":"","publisher":{"@id":"https:\/\/wiki.voka.io\/pt\/#organization"},"alternateName":"Anatomy & Pathology Wiki by VOKA","potentialAction":[{"@type":"SearchAction","target":{"@type":"EntryPoint","urlTemplate":"https:\/\/wiki.voka.io\/pt\/?s={search_term_string}"},"query-input":{"@type":"PropertyValueSpecification","valueRequired":true,"valueName":"search_term_string"}}],"inLanguage":"pt-PT"},{"@type":"Organization","@id":"https:\/\/wiki.voka.io\/pt\/#organization","name":"Voka 3D Anatomy & Pathology","alternateName":"VOKA","url":"https:\/\/wiki.voka.io\/pt\/","logo":{"@type":"ImageObject","inLanguage":"pt-PT","@id":"https:\/\/wiki.voka.io\/pt\/#\/schema\/logo\/image\/","url":"https:\/\/wiki.voka.io\/wp-content\/uploads\/2025\/02\/cropped-voka-logo-1.png","contentUrl":"https:\/\/wiki.voka.io\/wp-content\/uploads\/2025\/02\/cropped-voka-logo-1.png","width":70,"height":16,"caption":"Voka 3D Anatomy & Pathology"},"image":{"@id":"https:\/\/wiki.voka.io\/pt\/#\/schema\/logo\/image\/"},"sameAs":["https:\/\/www.facebook.com\/VOKA3DAnatomyAndPathology\/","https:\/\/www.instagram.com\/voka.io\/","https:\/\/www.linkedin.com\/company\/voka-io\/","https:\/\/www.youtube.com\/channel\/UCqGGuOEpr62ScH8Pjk2q5zw\/videos","https:\/\/www.pinterest.com\/VokaAnatomyPro\/","https:\/\/www.threads.com\/@voka.io"],"description":"VOKA.io offers 3D medical animations and custom 3D modeling services. Our product, VOKA 3D Anatomy & Pathology, is a digital atlas with over 1,000 detailed 3D models of human anatomy and pathology, designed for medical education, training, and patient communication.","email":"info@voka.io","telephone":"+1 814 351 4442","legalName":"Voka 3D Anatomy & Pathology","foundingDate":"2017-02-12","naics":"541512","numberOfEmployees":{"@type":"QuantitativeValue","minValue":"51","maxValue":"200"},"publishingPrinciples":"https:\/\/wiki.voka.io\/pt\/principios-de-publicacao\/"},{"@type":"Person","@id":"https:\/\/wiki.voka.io\/pt\/#\/schema\/person\/77d1a6a9a941a3f5c38f388a934d5fbc","name":"Daria A.","image":{"@type":"ImageObject","inLanguage":"pt-PT","@id":"https:\/\/wiki.voka.io\/pt\/#\/schema\/person\/image\/","url":"https:\/\/secure.gravatar.com\/avatar\/b55036bfe0a868e0402f78b7961e614dda4c6078e861af3f1c110828a06485fc?s=96&d=mm&r=g","contentUrl":"https:\/\/secure.gravatar.com\/avatar\/b55036bfe0a868e0402f78b7961e614dda4c6078e861af3f1c110828a06485fc?s=96&d=mm&r=g","caption":"Daria A."}}]}},"_links":{"self":[{"href":"https:\/\/wiki.voka.io\/pt\/wp-json\/wp\/v2\/diseases_post\/892","targetHints":{"allow":["GET"]}}],"collection":[{"href":"https:\/\/wiki.voka.io\/pt\/wp-json\/wp\/v2\/diseases_post"}],"about":[{"href":"https:\/\/wiki.voka.io\/pt\/wp-json\/wp\/v2\/types\/diseases_post"}],"author":[{"embeddable":true,"href":"https:\/\/wiki.voka.io\/pt\/wp-json\/wp\/v2\/users\/3"}],"wp:attachment":[{"href":"https:\/\/wiki.voka.io\/pt\/wp-json\/wp\/v2\/media?parent=892"}],"wp:term":[{"taxonomy":"diseases_category","embeddable":true,"href":"https:\/\/wiki.voka.io\/pt\/wp-json\/wp\/v2\/diseases_category?post=892"}],"curies":[{"name":"wp","href":"https:\/\/api.w.org\/{rel}","templated":true}]}}