{"id":1764,"date":"2025-11-13T14:42:00","date_gmt":"2025-11-13T11:42:00","guid":{"rendered":"https:\/\/wiki.voka.io\/?post_type=diseases_post&#038;p=1764"},"modified":"2025-12-11T12:36:02","modified_gmt":"2025-12-11T09:36:02","slug":"desvio-de-septo-nasal","status":"publish","type":"diseases_post","link":"https:\/\/wiki.voka.io\/pt\/doencas\/otorrinolaringologicas\/desvio-de-septo-nasal\/","title":{"rendered":"Desvio de septo: etiologia, classifica\u00e7\u00e3o, sintomas, diagn\u00f3stico e tratamento"},"content":{"rendered":"<p>O desvio do septo nasal pode ser uma condi\u00e7\u00e3o cong\u00eanita ou adquirida. Ocorre quando as estruturas \u00f3sseas e\/ou cartilaginosas do septo nasal se desviam de sua posi\u00e7\u00e3o mediana e interferem na fun\u00e7\u00e3o respirat\u00f3ria.<\/p>\n<h2 class=\"wp-block-heading\" id=\"etiologia\"><strong>Etiologia<\/strong><\/h2>\n<p>As deformidades do septo nasal podem ser cong\u00eanitas ou adquiridas. <\/p>\n<p>O septo nasal pode ficar deformado devido a les\u00f5es nasais associadas a traumas de parto, esportes ou atividades cotidianas. <\/p>\n<p>A principal causa de deformidades em crian\u00e7as e adolescentes \u00e9 a diferen\u00e7a nas taxas de crescimento das partes cartilaginosas e \u00f3sseas do septo nasal. <\/p>\n<h2 class=\"wp-block-heading\" id=\"anatomia-e-classificacao-dos-desvios-do-septo-nasal\"><strong>Anatomia e classifica\u00e7\u00e3o dos desvios do septo nasal<\/strong><\/h2>\n<h3 class=\"wp-block-heading\" id=\"classificacao-por-forma-e-localizacao\"><strong>Classifica\u00e7\u00e3o por forma e localiza\u00e7\u00e3o<\/strong><\/h3>\n<p>Dependendo da forma e da localiza\u00e7\u00e3o, existem v\u00e1rios tipos principais de desvio do septo nasal:<\/p>\n<ul class=\"wp-block-list\">\n<li><strong>A crista do septo nasal<\/strong>: um espessamento inclinado ao longo das partes \u00f3sseas e\/ou cartilaginosas do septo, revestido por mucosa. Geralmente se apresenta como uma cartilagem quadrangular deformada que se sobrep\u00f5e ao v\u00f4mer.<\/li>\n<\/ul>\n<figure class=\"wp-block-image size-large\"><img decoding=\"async\" src=\"https:\/\/storage.googleapis.com\/dev_wiki_voka_io_303011\/articles\/en\/otorhinolaryngology\/nasal-septum-deviation\/nasal-septal-crest.webp\" alt=\"Crista do septo nasal\"><figcaption class=\"wp-element-caption\">Crista do septo nasal: <a href=\"https:\/\/catalog.voka.io\/en\/models\/8861ee9e-a330-4451-856d-1de6ead27805\/846e69bb-cb2e-4e60-96dc-f7d5a82649b0\/86330bea-ea46-4ea0-9a87-89e066188c5a\/1993323e-ac63-4271-aef6-035adea034f4\" target=\"_blank\" rel=\"noreferrer noopener nofollow\">modelo 3D<\/a><\/figcaption><\/figure>\n<ul class=\"wp-block-list\">\n<li><strong>Espor\u00e3o do septo nasal:<\/strong> uma protuber\u00e2ncia \u00f3ssea estreita e pontiaguda direcionada para a parede lateral do nariz. \u00c0s vezes, pode ser t\u00e3o grande que chega a atingir as conchas nasais.<\/li>\n<li><strong>Desvio em forma de C:<\/strong> o septo se curva em um arco para um dos lados da cavidade nasal.<\/li>\n<li><strong>Desvio em forma de S:<\/strong> o septo se curva de maneira ondulat\u00f3ria para ambos os lados.<\/li>\n<\/ul>\n<p>Ambos os tipos de desvios (em forma de C e em forma de S) est\u00e3o associados a uma cartilagem quadrangular excessivamente grande. Devido ao seu tamanho, ela n\u00e3o se encaixa no leito \u00f3sseo entre a l\u00e2mina perpendicular do osso etmoide, a maxila e o osso palatino.<\/p>\n<h3 class=\"wp-block-heading\" id=\"classificacao-de-mladina\"><strong>Classifica\u00e7\u00e3o de Mladina<\/strong><\/h3>\n<p>A classifica\u00e7\u00e3o de Mladina inclui 7 tipos de deformidades do septo nasal que s\u00e3o amplamente utilizadas por rinologistas: <\/p>\n<ul class=\"wp-block-list\">\n<li><strong>Tipo 1:<\/strong> uma crista vertical unilateral na \u00e1rea da v\u00e1lvula nasal que n\u00e3o a alcan\u00e7a.<\/li>\n<li><strong>Tipo 2:<\/strong> uma crista vertical unilateral que atinge a v\u00e1lvula nasal, reduzindo seu \u00e2ngulo.<\/li>\n<li><strong>Tipo 3:<\/strong> Uma crista unilateral nas partes mais profundas do nariz, ao n\u00edvel da parte m\u00e9dia das conchas nasais m\u00e9dias.<\/li>\n<li><strong>Tipo 4:<\/strong> Desvio bilateral, no qual se observa deformidade do tipo 2 de um lado e deformidade do tipo 3 (deformidade em forma de S em profundidade) do outro.<\/li>\n<li><strong>Tipo 5:<\/strong> um espor\u00e3o \u00f3sseo ou osteocartilaginoso unilateral, com o lado oposto do septo sendo plano.<\/li>\n<li><strong>Tipo 6:<\/strong> um espor\u00e3o \u00f3sseo de um lado, acompanhado por uma depress\u00e3o (cavidade) pronunciada no septo do outro lado.<\/li>\n<li><strong>Tipo 7:<\/strong> uma combina\u00e7\u00e3o de v\u00e1rios tipos, conhecida como septo \u201camassado\u201d.<\/li>\n<\/ul>\n<h2 class=\"wp-block-heading\" id=\"apresentacao-clinica-dos-desvios-do-septo-nasal\"><strong>Apresenta\u00e7\u00e3o cl\u00ednica dos desvios do septo nasal<\/strong><\/h2>\n<p>A apresenta\u00e7\u00e3o cl\u00ednica depende do grau de desvio: <\/p>\n<ul class=\"wp-block-list\">\n<li>As fun\u00e7\u00f5es nasais n\u00e3o s\u00e3o significativamente afetadas se os desvios da linha m\u00e9dia forem <strong>leves<\/strong> ou se as cristas forem pequenas. <\/li>\n<li>No entanto, <strong>desvios acentuados<\/strong> (tipos\u00a03 a 7, segundo a classifica\u00e7\u00e3o de Mladina) e grandes espor\u00f5es e cristas prejudicam a respira\u00e7\u00e3o nasal e levam a sinusites frequentes, infec\u00e7\u00f5es cr\u00f4nicas e ronco. Os pacientes tamb\u00e9m podem apresentar sangramentos nasais, dores de cabe\u00e7a e altera\u00e7\u00e3o do olfato. <\/li>\n<\/ul>\n<h2 class=\"wp-block-heading\" id=\"diagnostico-de-desvios-do-septo-nasal\"><strong>Diagn\u00f3stico de desvios do septo nasal<\/strong><\/h2>\n<p>O diagn\u00f3stico baseia-se nos resultados <span class=\"glossary-term\" data-title=\"Rinoscopia\" data-tooltip=\"Rinoscopia (do grego antigo \u1fe5\u03af\u03c2 \u2014 nariz e \u03c3\u03ba\u03bf\u03c0\u03ad\u03c9 \u2014 examinar) \u00e9 um m\u00e9todo de exame visual instrumental da cavidade nasal. Esse procedimento \u00e9 uma parte b\u00e1sica e obrigat\u00f3ria de um exame otorrinolaringol\u00f3gico completo e permite avaliar o estado da mucosa, as estruturas anat\u00f4micas do nariz e identificar a presen\u00e7a de processos patol\u00f3gicos.\" data-link=\"https:\/\/wiki.voka.io\/pt\/glossario\/rinoscopia\/\">da rinoscopia<\/span> e da <span class=\"glossary-term\" data-title=\"Endoscopia\" data-tooltip=\"A endoscopia \u00e9 um m\u00e9todo de exame e tratamento que permite ao m\u00e9dico examinar cavidades corporais e \u00f3rg\u00e3os ocos usando um dispositivo especial chamado endosc\u00f3pio. Um endosc\u00f3pio \u00e9 um dispositivo flex\u00edvel ou r\u00edgido com um sistema \u00f3ptico (c\u00e2mera de v\u00eddeo) e uma pequena luz na extremidade.\" data-link=\"https:\/\/wiki.voka.io\/pt\/glossario\/endoscopia\/\">endoscopia<\/span> nasal. Uma <span class=\"glossary-term\" data-title=\"Tomografia computorizada\" data-tooltip=\"A tomografia computadorizada \u00e9 um exame de imagem que usa raios X para obter imagens transversais (cortes) de \u00f3rg\u00e3os e tecidos internos. \u00c9 uma das principais t\u00e9cnicas de imagem da medicina moderna, com elevado n\u00edvel de gera\u00e7\u00e3o de informa\u00e7\u00e3o.\" data-link=\"https:\/\/wiki.voka.io\/pt\/glossario\/tc-tomografia-computadorizada\/\">tomografia computadorizada<\/span> (TC) dos ossos da face ajuda a avaliar o desvio (tanto dos tecidos \u00f3sseos quanto cartilaginosos), seu comprimento e a avaliar os seios paranasais. <\/p>\n<div class=\"social-banner-block\">\n<div class=\"social-banner-content\">\n<p class=\"h5-title text-black\">Encontra mais conte\u00fados cientificamente exactos nas nossas redes sociais<\/p>\n<p><span class=\"social-banner-text text-grey\">Subscreve e n\u00e3o percas os recursos mais recentes<\/span><\/p>\n<div class=\"social-links-wrapper\"><a class=\"social-icon-link\" href=\"https:\/\/www.facebook.com\/VOKA3DAnatomyAndPathology\/\" target=\"_blank\" rel=\"nofollow noopener\"><img decoding=\"async\" src=\"https:\/\/storage.googleapis.com\/dev_wiki_voka_io_303011\/common\/Social%20Icons\/facebook.svg\" alt=\"social link\"><\/a><a class=\"social-icon-link\" href=\"https:\/\/www.instagram.com\/voka.io\/\" target=\"_blank\" rel=\"nofollow noopener\"><img decoding=\"async\" src=\"https:\/\/storage.googleapis.com\/dev_wiki_voka_io_303011\/common\/Social%20Icons\/insta.svg\" alt=\"social link\"><\/a><a class=\"social-icon-link\" href=\"https:\/\/www.linkedin.com\/company\/voka-io\/posts\/?feedView=all\" target=\"_blank\" rel=\"nofollow noopener\"><img decoding=\"async\" src=\"https:\/\/storage.googleapis.com\/dev_wiki_voka_io_303011\/common\/Social%20Icons\/linkedin.svg\" alt=\"social link\"><\/a><a class=\"social-icon-link\" href=\"https:\/\/www.youtube.com\/@vokaio\" target=\"_blank\" rel=\"nofollow noopener\"><img decoding=\"async\" src=\"https:\/\/storage.googleapis.com\/dev_wiki_voka_io_303011\/common\/Social%20Icons\/youtube.svg\" alt=\"social link\"><\/a><a class=\"social-icon-link\" href=\"https:\/\/www.pinterest.com\/voka3danatomyandpathology\/\" target=\"_blank\" rel=\"nofollow noopener\"><img decoding=\"async\" src=\"https:\/\/storage.googleapis.com\/dev_wiki_voka_io_303011\/common\/Social%20Icons\/pinterest.svg\" alt=\"social link\"><\/a><a class=\"social-icon-link\" href=\"https:\/\/www.tiktok.com\/@voka.io\" target=\"_blank\" rel=\"nofollow noopener\"><img decoding=\"async\" src=\"https:\/\/storage.googleapis.com\/dev_wiki_voka_io_303011\/common\/Social%20Icons\/tiktok.svg\" alt=\"social link\"><\/a><a class=\"social-icon-link\" href=\"https:\/\/discord.gg\/7ejUpq8DRR\" target=\"_blank\" rel=\"nofollow noopener\"><img decoding=\"async\" src=\"https:\/\/storage.googleapis.com\/dev_wiki_voka_io_303011\/common\/Social%20Icons\/discord.svg\" alt=\"social link\"><\/a><\/div>\n<\/div>\n<p><img decoding=\"async\" class=\"social-banner-image\" loading=\"lazy\" src=\"https:\/\/storage.googleapis.com\/dev_wiki_voka_io_303011\/common\/social-media-banner-mobile-image.webp\" alt=\"Banner background\"><\/div>\n<h2 class=\"wp-block-heading\" id=\"tratamento-de-desvios-do-septo-nasal\"><strong>Tratamento de desvios do septo nasal<\/strong><\/h2>\n<p>A condi\u00e7\u00e3o pode ser corrigida cirurgicamente por meio de <span class=\"glossary-term\" data-title=\"Septoplastia\" data-tooltip=\"Septoplastia (do latim septum \u2014 septo e do grego\n\u03c0\u03bb\u03b1\u03c3\u03c4\u03b9\u03ba\u03ae \u2014 pl\u00e1stica) \u00e9 um procedimento cir\u00fargico que visa corrigir deformidade (desvio) do septo nasal. Esta interven\u00e7\u00e3o \u00e9 classificada como cirurgia funcional, uma vez que o seu principal objetivo \u00e9 restaurar ou melhorar a respira\u00e7\u00e3o nasal, em vez de alterar o formato externo do nariz.\" data-link=\"https:\/\/wiki.voka.io\/pt\/glossario\/septoplastia\/\">septoplastia<\/span>.<\/p>\n<div>\n<h2 class=\"faq-title h2-article\" id=\"faq\">FAQ<\/h2>\n<div class=\"faq-section\">\n<div class=\"faq-item faq-answer-hidden\">\n<div class=\"question-block\">\n<div class=\"faq-question\">\n<p class=\" text-black h5-title\">1. Quais s\u00e3o as causas do desvio do septo nasal, inclusive em crian\u00e7as?<\/p>\n<\/div>\n<div class=\"faq-answer text-main-text-color main-text-medium\">As causas podem ser cong\u00eanitas ou adquiridas. Na maioria das vezes, isso \u00e9 consequ\u00eancia de les\u00f5es no nariz, que podem acontecer durante o parto, les\u00f5es dom\u00e9sticas ou les\u00f5es esportivas. Em crian\u00e7as e adolescentes, o desvio tamb\u00e9m ocorre frequentemente devido ao crescimento desigual das partes \u00f3sseas e cartilaginosas do septo durante o desenvolvimento do esqueleto facial.<\/div>\n<\/div>\n<div class=\"expand-button-wrapper\"><button class=\"text-accent expand-button\">+<\/button><\/div>\n<\/div>\n<div class=\"faq-item faq-answer-hidden\">\n<div class=\"question-block\">\n<div class=\"faq-question\">\n<p class=\" text-black h5-title\">2. Quais s\u00e3o os sintomas causados \u200b\u200bpor um desvio de septo e o que ele afeta?<\/p>\n<\/div>\n<div class=\"faq-answer text-main-text-color main-text-medium\">O principal sintoma \u00e9 a dificuldade persistente em respirar pelo nariz, seja em um ou ambos os lados. Isso afeta a qualidade de vida, levando \u00e0 sinusite cr\u00f4nica (sinusite maxilar, sinusite frontal), sangramentos nasais frequentes, ronco, dores de cabe\u00e7a e redu\u00e7\u00e3o do olfato. Desvios pequenos podem n\u00e3o apresentar sintomas.<\/div>\n<\/div>\n<div class=\"expand-button-wrapper\"><button class=\"text-accent expand-button\">+<\/button><\/div>\n<\/div>\n<div class=\"faq-item faq-answer-hidden\">\n<div class=\"question-block\">\n<div class=\"faq-question\">\n<p class=\" text-black h5-title\">3. Quais s\u00e3o os riscos de um desvio de septo e quais s\u00e3o as suas consequ\u00eancias?<\/p>\n<\/div>\n<div class=\"faq-answer text-main-text-color main-text-medium\">O principal risco \u00e9 a perturba\u00e7\u00e3o cr\u00f4nica da fisiologia do nariz. Consequ\u00eancias a longo prazo incluem doen\u00e7as inflamat\u00f3rias recorrentes dos seios nasais (sinusite), processos infecciosos cr\u00f4nicos no trato respirat\u00f3rio e o desenvolvimento ou agravamento do ronco, que pode estar associado \u00e0 s\u00edndrome da apneia obstrutiva do sono.<\/div>\n<\/div>\n<div class=\"expand-button-wrapper\"><button class=\"text-accent expand-button\">+<\/button><\/div>\n<\/div>\n<div class=\"faq-item faq-answer-hidden\">\n<div class=\"question-block\">\n<div class=\"faq-question\">\n<p class=\" text-black h5-title\">4. Qual a apar\u00eancia de um desvio de septo e quais os tipos conhecidos?<\/p>\n<\/div>\n<div class=\"faq-answer text-main-text-color main-text-medium\">Durante um exame visual (rinoscopia), o m\u00e9dico pode observar v\u00e1rios tipos de deformidades. Elas podem ser uma crista (um ligeiro espessamento), um espor\u00e3o pontiagudo direcionado para a parede lateral do nariz ou um desvio geral do septo em forma de letras \u201cC\u201d ou \u201cS\u201d. Existem tamb\u00e9m classifica\u00e7\u00f5es mais detalhadas, como a de Mladina, que divide as deformidades em 7 tipos.<\/div>\n<\/div>\n<div class=\"expand-button-wrapper\"><button class=\"text-accent expand-button\">+<\/button><\/div>\n<\/div>\n<div class=\"faq-item faq-answer-hidden\">\n<div class=\"question-block\">\n<div class=\"faq-question\">\n<p class=\" text-black h5-title\">5. Como se corrige um desvio de septo?<\/p>\n<\/div>\n<div class=\"faq-answer text-main-text-color main-text-medium\">A corre\u00e7\u00e3o da deformidade s\u00f3 \u00e9 poss\u00edvel atrav\u00e9s de cirurgia. Essa cirurgia chama-se septoplastia. Durante o procedimento, o cirurgi\u00e3o remodela as estruturas de cartilagem e osso, colocando o septo em uma posi\u00e7\u00e3o central para restaurar a respira\u00e7\u00e3o nasal completa.<\/div>\n<\/div>\n<div class=\"expand-button-wrapper\"><button class=\"text-accent expand-button\">+<\/button><\/div>\n<\/div>\n<\/div>\n<p><script type=\"application\/ld+json\">\n    {\n    \"@context\": \"https:\/\/schema.org\",\n    \"@type\": \"FAQPage\",\n    \"mainEntity\": [\n        {\n            \"@type\": \"Question\",\n            \"name\": \"Quais s\u00e3o as causas do desvio do septo nasal, inclusive em crian\u00e7as?\",\n            \"acceptedAnswer\": {\n                \"@type\": \"Answer\",\n                \"text\": \"As causas podem ser cong\u00eanitas ou adquiridas. Na maioria das vezes, isso \u00e9 consequ\u00eancia de les\u00f5es no nariz, que podem acontecer durante o parto, les\u00f5es dom\u00e9sticas ou les\u00f5es esportivas. Em crian\u00e7as e adolescentes, o desvio tamb\u00e9m ocorre frequentemente devido ao crescimento desigual das partes \u00f3sseas e cartilaginosas do septo durante o desenvolvimento do esqueleto facial.\"\n            }\n        },\n        {\n            \"@type\": \"Question\",\n            \"name\": \"Quais s\u00e3o os sintomas causados \u200b\u200bpor um desvio de septo e o que ele afeta?\",\n            \"acceptedAnswer\": {\n                \"@type\": \"Answer\",\n                \"text\": \"O principal sintoma \u00e9 a dificuldade persistente em respirar pelo nariz, seja em um ou ambos os lados. Isso afeta a qualidade de vida, levando \u00e0 sinusite cr\u00f4nica (sinusite maxilar, sinusite frontal), sangramentos nasais frequentes, ronco, dores de cabe\u00e7a e redu\u00e7\u00e3o do olfato. Desvios pequenos podem n\u00e3o apresentar sintomas.\"\n            }\n        },\n        {\n            \"@type\": \"Question\",\n            \"name\": \"Quais s\u00e3o os riscos de um desvio de septo e quais s\u00e3o as suas consequ\u00eancias?\",\n            \"acceptedAnswer\": {\n                \"@type\": \"Answer\",\n                \"text\": \"O principal risco \u00e9 a perturba\u00e7\u00e3o cr\u00f4nica da fisiologia do nariz. Consequ\u00eancias a longo prazo incluem doen\u00e7as inflamat\u00f3rias recorrentes dos seios nasais (sinusite), processos infecciosos cr\u00f4nicos no trato respirat\u00f3rio e o desenvolvimento ou agravamento do ronco, que pode estar associado \u00e0 s\u00edndrome da apneia obstrutiva do sono.\"\n            }\n        },\n        {\n            \"@type\": \"Question\",\n            \"name\": \"Qual a apar\u00eancia de um desvio de septo e quais os tipos conhecidos?\",\n            \"acceptedAnswer\": {\n                \"@type\": \"Answer\",\n                \"text\": \"Durante um exame visual (rinoscopia), o m\u00e9dico pode observar v\u00e1rios tipos de deformidades. Elas podem ser uma crista (um ligeiro espessamento), um espor\u00e3o pontiagudo direcionado para a parede lateral do nariz ou um desvio geral do septo em forma de letras \\\"C\\\" ou \\\"S\\\". Existem tamb\u00e9m classifica\u00e7\u00f5es mais detalhadas, como a de Mladina, que divide as deformidades em 7 tipos.\"\n            }\n        },\n        {\n            \"@type\": \"Question\",\n            \"name\": \"Como se corrige um desvio de septo?\",\n            \"acceptedAnswer\": {\n                \"@type\": \"Answer\",\n                \"text\": \"A corre\u00e7\u00e3o da deformidade s\u00f3 \u00e9 poss\u00edvel atrav\u00e9s de cirurgia. Essa cirurgia chama-se septoplastia. Durante o procedimento, o cirurgi\u00e3o remodela as estruturas de cartilagem e osso, colocando o septo em uma posi\u00e7\u00e3o central para restaurar a respira\u00e7\u00e3o nasal completa.\"\n            }\n        }\n    ]\n}<\/script><\/div>\n<div class=\"sources-list-block sources-list-hidden\" id=\"referencias\">\n<div class=\"sources-list-content\">\n<div class=\"sources-list-title\">\n<p class=\"small-text-bold text-black sources-list-title-text\">Refer\u00eancias<\/p>\n<div class=\"sources-expand-button-wrapper-mobile\">\n<div class=\"sources-expand-button\"><svg width=\"32\" height=\"32\" viewbox=\"0 0 32 32\" fill=\"none\" xmlns=\"http:\/\/www.w3.org\/2000\/svg\"><path d=\"M8 12L16 20L24 12\" stroke=\"#8C9AAB\" stroke-width=\"2\" stroke-linecap=\"round\" stroke-linejoin=\"round\"><\/path><\/svg><\/div>\n<\/div>\n<\/div>\n<div class=\"sources-list-items\">\n<div class=\"source-item\">\n<p class=\"main-text-semibold text-black\">1.<\/p>\n<div class=\"source-item-content\">\n<p class=\"main-text-semibold text-black\"><cite>Cat\u00e1logo VOKA (VOKA Catalog). [Recurso eletr\u00f4nico]<\/cite><\/p>\n<p><span class=\"small-text-medium text-grey\">https:\/\/catalog.voka.io\/ <\/span><\/div>\n<\/div>\n<div class=\"source-item\">\n<p class=\"main-text-semibold text-black\">2.<\/p>\n<div class=\"source-item-content\">\n<p class=\"main-text-semibold text-black\"><cite>Total Otolaryngology\u2014Head and Neck Surgery, Anthony P. Sclafani, Robin A. Dyleski, Michael J. Pitman, Stimson P. Schantz. Thieme Medical Publishers, Inc., 2015. ISBN 978-1-60406-646-3.<\/cite><\/p>\n<\/div>\n<\/div>\n<div class=\"source-item\">\n<p class=\"main-text-semibold text-black\">3.<\/p>\n<div class=\"source-item-content\">\n<p class=\"main-text-semibold text-black\"><cite>\u0411\u0435\u0440\u0431\u043e\u043c \u0425. \u0411\u043e\u043b\u0435\u0437\u043d\u0438 \u0443\u0445\u0430, \u0433\u043e\u0440\u043b\u0430 \u0438 \u043d\u043e\u0441\u0430 \/ \u0425\u0430\u043d\u0441 \u0411\u0435\u0440\u0431\u043e\u043c, \u041e\u043b\u0438\u0432\u0435\u0440 \u041a\u0430\u0448\u043a\u0435, \u0422\u0430\u0434\u0435\u0443\u0441 \u041d\u0430\u0432\u043a\u0430, \u042d\u043d\u0434\u0440\u044e \u0421\u0432\u0438\u0444\u0442; \u043f\u0435\u0440. \u0441 \u0430\u043d\u0433\u043b. \u2013 2-\u0435 \u0438\u0437\u0434. \u2013 \u041c. : \u041c\u0415\u0414\u043f\u0440\u0435c\u0441-\u0438\u043d\u0444\u043e\u0440\u043c, 2016. \u2013 776 \u0441. : \u0438\u043b. ISBN 978-5-00030-322-1.<\/cite><\/p>\n<\/div>\n<\/div>\n<div class=\"source-item\">\n<p class=\"main-text-semibold text-black\">4.<\/p>\n<div class=\"source-item-content\">\n<p class=\"main-text-semibold text-black\"><cite>Kim TK, Jeong JY. Deviated nose: Physiological and pathological changes of the nasal cavity. Arch Plast Surg. 2020 Nov;47(6):505-515. doi: 10.5999\/aps.2020.01781. Epub 2020 Nov 15. PMID: 33238336; PMCID: PMC7700847.<\/cite><\/p>\n<\/div>\n<\/div>\n<div class=\"source-item\">\n<p class=\"main-text-semibold text-black\">5.<\/p>\n<div class=\"source-item-content\">\n<p class=\"main-text-semibold text-black\"><cite>Alghamdi FS, Albogami D, Alsurayhi AS, Alshibely AY, Alkaabi TH, Alqurashi LM, Alahdal AA, Saber AA, Almansouri OS. Nasal Septal Deviation: A Comprehensive Narrative Review. Cureus. 2022 Nov 10;14(11):e31317. doi: 10.7759\/cureus.31317. PMID: 36514566; PMCID: PMC9736816.<\/cite><\/p>\n<\/div>\n<\/div>\n<div class=\"source-item\">\n<p class=\"main-text-semibold text-black\">6.<\/p>\n<div class=\"source-item-content\">\n<p class=\"main-text-semibold text-black\"><cite>Teixeira J, Certal V, Chang ET, Camacho M. Nasal Septal Deviations: A Systematic Review of Classification Systems. Plast Surg Int. 2016;2016:7089123. doi: 10.1155\/2016\/7089123. Epub 2016 Jan 11. PMID: 26933510; PMCID: PMC4737055.<\/cite><\/p>\n<\/div>\n<\/div>\n<div class=\"source-item\">\n<p class=\"main-text-semibold text-black\">7.<\/p>\n<div class=\"source-item-content\">\n<p class=\"main-text-semibold text-black\"><cite>Rhinoplasty Archive. Algorithm for Treatment of Anterior Septal Deviations. [Recurso eletr\u00f4nico]<\/cite><\/p>\n<p><span class=\"small-text-medium text-grey\">https:\/\/www.rhinoplastyarchive.com\/articles\/septal-surgery\/algorithm-for-treatment-of-anterior-septal-deviations<\/span><\/div>\n<\/div>\n<div class=\"source-item\">\n<p class=\"main-text-semibold text-black\">8.<\/p>\n<div class=\"source-item-content\">\n<p class=\"main-text-semibold text-black\"><cite>Sam A, Deshmukh PT, Patil C, Jain S, Patil R. Nasal septal deviation and external nasal deformity: a correlative study of 100 cases. Indian J Otolaryngol Head Neck Surg. 2012 Dec;64(4):312-8. doi: 10.1007\/s12070-011-0311-x. Epub 2011 Oct 5. PMID: 24294569; PMCID: PMC3477430.<\/cite><\/p>\n<\/div>\n<\/div>\n<\/div>\n<\/div>\n<div class=\"sources-expand-button-wrapper\">\n<div class=\"sources-expand-button\"><svg width=\"32\" height=\"32\" viewbox=\"0 0 32 32\" fill=\"none\" xmlns=\"http:\/\/www.w3.org\/2000\/svg\"><path d=\"M8 12L16 20L24 12\" stroke=\"#8C9AAB\" stroke-width=\"2\" stroke-linecap=\"round\" stroke-linejoin=\"round\"><\/path><\/svg><\/div>\n<\/div>\n<\/div>\n","protected":false},"excerpt":{"rendered":"<p>O desvio do septo nasal pode ser uma condi\u00e7\u00e3o cong\u00eanita ou adquirida. Ocorre quando as estruturas \u00f3sseas e\/ou cartilaginosas do septo nasal se desviam de sua posi\u00e7\u00e3o mediana e interferem na fun\u00e7\u00e3o respirat\u00f3ria. Etiologia As deformidades do septo nasal podem ser cong\u00eanitas ou adquiridas. O septo nasal pode ficar deformado devido a les\u00f5es nasais associadas [&hellip;]<\/p>\n","protected":false},"author":4,"featured_media":0,"template":"","diseases_category":[301],"class_list":["post-1764","diseases_post","type-diseases_post","status-publish","hentry","diseases_category-otorrinolaringologicas"],"acf":[],"yoast_head":"<!-- This site is optimized with the Yoast SEO Premium plugin v25.0 (Yoast SEO v26.5) - https:\/\/yoast.com\/wordpress\/plugins\/seo\/ -->\n<title>Desvio de septo: sintomas, causas, est\u00e1gios, diagn\u00f3stico e tratamento<\/title>\n<meta name=\"description\" content=\"Desvio de septo: etiologia, classifica\u00e7\u00e3o, sintomas, diagn\u00f3stico e tratamento. S\u00e3o descritos os m\u00e9todos de diagn\u00f3stico e o principal m\u00e9todo de tratamento.\" \/>\n<meta name=\"robots\" content=\"index, follow, max-snippet:-1, max-image-preview:large, max-video-preview:-1\" \/>\n<link rel=\"canonical\" href=\"https:\/\/wiki.voka.io\/pt\/doencas\/otorrinolaringologicas\/desvio-de-septo-nasal\/\" \/>\n<meta property=\"og:locale\" content=\"pt_PT\" \/>\n<meta property=\"og:type\" content=\"article\" \/>\n<meta property=\"og:title\" content=\"Desvio de septo: etiologia, classifica\u00e7\u00e3o, sintomas, diagn\u00f3stico e tratamento\" \/>\n<meta property=\"og:description\" content=\"Desvio de septo: etiologia, classifica\u00e7\u00e3o, sintomas, diagn\u00f3stico e tratamento. S\u00e3o descritos os m\u00e9todos de diagn\u00f3stico e o principal m\u00e9todo de tratamento.\" \/>\n<meta property=\"og:url\" content=\"https:\/\/wiki.voka.io\/pt\/doencas\/otorrinolaringologicas\/desvio-de-septo-nasal\/\" \/>\n<meta property=\"og:site_name\" content=\"Voka Wiki\" \/>\n<meta property=\"article:publisher\" content=\"https:\/\/www.facebook.com\/VOKA3DAnatomyAndPathology\/\" \/>\n<meta property=\"article:modified_time\" content=\"2025-12-11T09:36:02+00:00\" \/>\n<meta property=\"og:image\" content=\"https:\/\/storage.googleapis.com\/dev_wiki_voka_io_303011\/articles\/en\/otorhinolaryngology\/nasal-septum-deviation\/nasal-septal-crest.webp\" \/>\n<meta name=\"twitter:card\" content=\"summary_large_image\" \/>\n<meta name=\"twitter:label1\" content=\"Tempo estimado de leitura\" \/>\n\t<meta name=\"twitter:data1\" content=\"3 minutos\" \/>\n<script type=\"application\/ld+json\" class=\"yoast-schema-graph\">{\"@context\":\"https:\/\/schema.org\",\"@graph\":[{\"@type\":\"Article\",\"@id\":\"https:\/\/wiki.voka.io\/pt\/doencas\/otorrinolaringologicas\/desvio-de-septo-nasal\/#article\",\"isPartOf\":{\"@id\":\"https:\/\/wiki.voka.io\/pt\/doencas\/otorrinolaringologicas\/desvio-de-septo-nasal\/\"},\"author\":{\"name\":\"Danata A.\",\"@id\":\"https:\/\/wiki.voka.io\/pt\/#\/schema\/person\/75a01428a2e97375c0facaaeba432542\"},\"headline\":\"Desvio de septo: etiologia, classifica\u00e7\u00e3o, sintomas, diagn\u00f3stico e tratamento\",\"datePublished\":\"2025-11-13T11:42:00+00:00\",\"dateModified\":\"2025-12-11T09:36:02+00:00\",\"mainEntityOfPage\":{\"@id\":\"https:\/\/wiki.voka.io\/pt\/doencas\/otorrinolaringologicas\/desvio-de-septo-nasal\/\"},\"wordCount\":608,\"publisher\":{\"@id\":\"https:\/\/wiki.voka.io\/pt\/#organization\"},\"image\":{\"@id\":\"https:\/\/wiki.voka.io\/pt\/doencas\/otorrinolaringologicas\/desvio-de-septo-nasal\/#primaryimage\"},\"thumbnailUrl\":\"https:\/\/storage.googleapis.com\/dev_wiki_voka_io_303011\/articles\/en\/otorhinolaryngology\/nasal-septum-deviation\/nasal-septal-crest.webp\",\"inLanguage\":\"pt-PT\"},{\"@type\":\"WebPage\",\"@id\":\"https:\/\/wiki.voka.io\/pt\/doencas\/otorrinolaringologicas\/desvio-de-septo-nasal\/\",\"url\":\"https:\/\/wiki.voka.io\/pt\/doencas\/otorrinolaringologicas\/desvio-de-septo-nasal\/\",\"name\":\"Desvio de septo: sintomas, causas, est\u00e1gios, diagn\u00f3stico e tratamento\",\"isPartOf\":{\"@id\":\"https:\/\/wiki.voka.io\/pt\/#website\"},\"primaryImageOfPage\":{\"@id\":\"https:\/\/wiki.voka.io\/pt\/doencas\/otorrinolaringologicas\/desvio-de-septo-nasal\/#primaryimage\"},\"image\":{\"@id\":\"https:\/\/wiki.voka.io\/pt\/doencas\/otorrinolaringologicas\/desvio-de-septo-nasal\/#primaryimage\"},\"thumbnailUrl\":\"https:\/\/storage.googleapis.com\/dev_wiki_voka_io_303011\/articles\/en\/otorhinolaryngology\/nasal-septum-deviation\/nasal-septal-crest.webp\",\"datePublished\":\"2025-11-13T11:42:00+00:00\",\"dateModified\":\"2025-12-11T09:36:02+00:00\",\"description\":\"Desvio de septo: etiologia, classifica\u00e7\u00e3o, sintomas, diagn\u00f3stico e tratamento. S\u00e3o descritos os m\u00e9todos de diagn\u00f3stico e o principal m\u00e9todo de tratamento.\",\"breadcrumb\":{\"@id\":\"https:\/\/wiki.voka.io\/pt\/doencas\/otorrinolaringologicas\/desvio-de-septo-nasal\/#breadcrumb\"},\"inLanguage\":\"pt-PT\",\"potentialAction\":[{\"@type\":\"ReadAction\",\"target\":[\"https:\/\/wiki.voka.io\/pt\/doencas\/otorrinolaringologicas\/desvio-de-septo-nasal\/\"]}]},{\"@type\":\"ImageObject\",\"inLanguage\":\"pt-PT\",\"@id\":\"https:\/\/wiki.voka.io\/pt\/doencas\/otorrinolaringologicas\/desvio-de-septo-nasal\/#primaryimage\",\"url\":\"https:\/\/storage.googleapis.com\/dev_wiki_voka_io_303011\/articles\/en\/otorhinolaryngology\/nasal-septum-deviation\/nasal-septal-crest.webp\",\"contentUrl\":\"https:\/\/storage.googleapis.com\/dev_wiki_voka_io_303011\/articles\/en\/otorhinolaryngology\/nasal-septum-deviation\/nasal-septal-crest.webp\"},{\"@type\":\"BreadcrumbList\",\"@id\":\"https:\/\/wiki.voka.io\/pt\/doencas\/otorrinolaringologicas\/desvio-de-septo-nasal\/#breadcrumb\",\"itemListElement\":[{\"@type\":\"ListItem\",\"position\":1,\"name\":\"Home\",\"item\":\"https:\/\/wiki.voka.io\/pt\/\"},{\"@type\":\"ListItem\",\"position\":2,\"name\":\"Diseases posts\",\"item\":\"https:\/\/wiki.voka.io\/pt\/doencas\/%diseases_category%\/\"},{\"@type\":\"ListItem\",\"position\":3,\"name\":\"Desvio de septo: etiologia, classifica\u00e7\u00e3o, sintomas, diagn\u00f3stico e tratamento\"}]},{\"@type\":\"WebSite\",\"@id\":\"https:\/\/wiki.voka.io\/pt\/#website\",\"url\":\"https:\/\/wiki.voka.io\/pt\/\",\"name\":\"Voka Wiki\",\"description\":\"\",\"publisher\":{\"@id\":\"https:\/\/wiki.voka.io\/pt\/#organization\"},\"alternateName\":\"Anatomy & Pathology Wiki by VOKA\",\"potentialAction\":[{\"@type\":\"SearchAction\",\"target\":{\"@type\":\"EntryPoint\",\"urlTemplate\":\"https:\/\/wiki.voka.io\/pt\/?s={search_term_string}\"},\"query-input\":{\"@type\":\"PropertyValueSpecification\",\"valueRequired\":true,\"valueName\":\"search_term_string\"}}],\"inLanguage\":\"pt-PT\"},{\"@type\":\"Organization\",\"@id\":\"https:\/\/wiki.voka.io\/pt\/#organization\",\"name\":\"Voka 3D Anatomy & Pathology\",\"alternateName\":\"VOKA\",\"url\":\"https:\/\/wiki.voka.io\/pt\/\",\"logo\":{\"@type\":\"ImageObject\",\"inLanguage\":\"pt-PT\",\"@id\":\"https:\/\/wiki.voka.io\/pt\/#\/schema\/logo\/image\/\",\"url\":\"https:\/\/wiki.voka.io\/wp-content\/uploads\/2025\/02\/cropped-voka-logo-1.png\",\"contentUrl\":\"https:\/\/wiki.voka.io\/wp-content\/uploads\/2025\/02\/cropped-voka-logo-1.png\",\"width\":70,\"height\":16,\"caption\":\"Voka 3D Anatomy & Pathology\"},\"image\":{\"@id\":\"https:\/\/wiki.voka.io\/pt\/#\/schema\/logo\/image\/\"},\"sameAs\":[\"https:\/\/www.facebook.com\/VOKA3DAnatomyAndPathology\/\",\"https:\/\/www.instagram.com\/voka.io\/\",\"https:\/\/www.linkedin.com\/company\/voka-io\/\",\"https:\/\/www.youtube.com\/channel\/UCqGGuOEpr62ScH8Pjk2q5zw\/videos\",\"https:\/\/www.pinterest.com\/VokaAnatomyPro\/\",\"https:\/\/www.threads.com\/@voka.io\"],\"description\":\"VOKA.io offers 3D medical animations and custom 3D modeling services. Our product, VOKA 3D Anatomy & Pathology, is a digital atlas with over 1,000 detailed 3D models of human anatomy and pathology, designed for medical education, training, and patient communication.\",\"email\":\"info@voka.io\",\"telephone\":\"+1 814 351 4442\",\"legalName\":\"Voka 3D Anatomy & Pathology\",\"foundingDate\":\"2017-02-12\",\"naics\":\"541512\",\"numberOfEmployees\":{\"@type\":\"QuantitativeValue\",\"minValue\":\"51\",\"maxValue\":\"200\"},\"publishingPrinciples\":\"https:\/\/wiki.voka.io\/pt\/principios-de-publicacao\/\"},{\"@type\":\"Person\",\"@id\":\"https:\/\/wiki.voka.io\/pt\/#\/schema\/person\/75a01428a2e97375c0facaaeba432542\",\"name\":\"Danata A.\",\"image\":{\"@type\":\"ImageObject\",\"inLanguage\":\"pt-PT\",\"@id\":\"https:\/\/wiki.voka.io\/pt\/#\/schema\/person\/image\/\",\"url\":\"https:\/\/secure.gravatar.com\/avatar\/17b61e87bc892ef9555b6080655463c63eb46025ed870850eaa2472678817ed6?s=96&d=mm&r=g\",\"contentUrl\":\"https:\/\/secure.gravatar.com\/avatar\/17b61e87bc892ef9555b6080655463c63eb46025ed870850eaa2472678817ed6?s=96&d=mm&r=g\",\"caption\":\"Danata A.\"}}]}<\/script>\n<!-- \/ Yoast SEO Premium plugin. -->","yoast_head_json":{"title":"Desvio de septo: sintomas, causas, est\u00e1gios, diagn\u00f3stico e tratamento","description":"Desvio de septo: etiologia, classifica\u00e7\u00e3o, sintomas, diagn\u00f3stico e tratamento. S\u00e3o descritos os m\u00e9todos de diagn\u00f3stico e o principal m\u00e9todo de tratamento.","robots":{"index":"index","follow":"follow","max-snippet":"max-snippet:-1","max-image-preview":"max-image-preview:large","max-video-preview":"max-video-preview:-1"},"canonical":"https:\/\/wiki.voka.io\/pt\/doencas\/otorrinolaringologicas\/desvio-de-septo-nasal\/","og_locale":"pt_PT","og_type":"article","og_title":"Desvio de septo: etiologia, classifica\u00e7\u00e3o, sintomas, diagn\u00f3stico e tratamento","og_description":"Desvio de septo: etiologia, classifica\u00e7\u00e3o, sintomas, diagn\u00f3stico e tratamento. S\u00e3o descritos os m\u00e9todos de diagn\u00f3stico e o principal m\u00e9todo de tratamento.","og_url":"https:\/\/wiki.voka.io\/pt\/doencas\/otorrinolaringologicas\/desvio-de-septo-nasal\/","og_site_name":"Voka Wiki","article_publisher":"https:\/\/www.facebook.com\/VOKA3DAnatomyAndPathology\/","article_modified_time":"2025-12-11T09:36:02+00:00","og_image":[{"url":"https:\/\/storage.googleapis.com\/dev_wiki_voka_io_303011\/articles\/en\/otorhinolaryngology\/nasal-septum-deviation\/nasal-septal-crest.webp","type":"","width":"","height":""}],"twitter_card":"summary_large_image","twitter_misc":{"Tempo estimado de leitura":"3 minutos"},"schema":{"@context":"https:\/\/schema.org","@graph":[{"@type":"Article","@id":"https:\/\/wiki.voka.io\/pt\/doencas\/otorrinolaringologicas\/desvio-de-septo-nasal\/#article","isPartOf":{"@id":"https:\/\/wiki.voka.io\/pt\/doencas\/otorrinolaringologicas\/desvio-de-septo-nasal\/"},"author":{"name":"Danata A.","@id":"https:\/\/wiki.voka.io\/pt\/#\/schema\/person\/75a01428a2e97375c0facaaeba432542"},"headline":"Desvio de septo: etiologia, classifica\u00e7\u00e3o, sintomas, diagn\u00f3stico e tratamento","datePublished":"2025-11-13T11:42:00+00:00","dateModified":"2025-12-11T09:36:02+00:00","mainEntityOfPage":{"@id":"https:\/\/wiki.voka.io\/pt\/doencas\/otorrinolaringologicas\/desvio-de-septo-nasal\/"},"wordCount":608,"publisher":{"@id":"https:\/\/wiki.voka.io\/pt\/#organization"},"image":{"@id":"https:\/\/wiki.voka.io\/pt\/doencas\/otorrinolaringologicas\/desvio-de-septo-nasal\/#primaryimage"},"thumbnailUrl":"https:\/\/storage.googleapis.com\/dev_wiki_voka_io_303011\/articles\/en\/otorhinolaryngology\/nasal-septum-deviation\/nasal-septal-crest.webp","inLanguage":"pt-PT"},{"@type":"WebPage","@id":"https:\/\/wiki.voka.io\/pt\/doencas\/otorrinolaringologicas\/desvio-de-septo-nasal\/","url":"https:\/\/wiki.voka.io\/pt\/doencas\/otorrinolaringologicas\/desvio-de-septo-nasal\/","name":"Desvio de septo: sintomas, causas, est\u00e1gios, diagn\u00f3stico e tratamento","isPartOf":{"@id":"https:\/\/wiki.voka.io\/pt\/#website"},"primaryImageOfPage":{"@id":"https:\/\/wiki.voka.io\/pt\/doencas\/otorrinolaringologicas\/desvio-de-septo-nasal\/#primaryimage"},"image":{"@id":"https:\/\/wiki.voka.io\/pt\/doencas\/otorrinolaringologicas\/desvio-de-septo-nasal\/#primaryimage"},"thumbnailUrl":"https:\/\/storage.googleapis.com\/dev_wiki_voka_io_303011\/articles\/en\/otorhinolaryngology\/nasal-septum-deviation\/nasal-septal-crest.webp","datePublished":"2025-11-13T11:42:00+00:00","dateModified":"2025-12-11T09:36:02+00:00","description":"Desvio de septo: etiologia, classifica\u00e7\u00e3o, sintomas, diagn\u00f3stico e tratamento. S\u00e3o descritos os m\u00e9todos de diagn\u00f3stico e o principal m\u00e9todo de tratamento.","breadcrumb":{"@id":"https:\/\/wiki.voka.io\/pt\/doencas\/otorrinolaringologicas\/desvio-de-septo-nasal\/#breadcrumb"},"inLanguage":"pt-PT","potentialAction":[{"@type":"ReadAction","target":["https:\/\/wiki.voka.io\/pt\/doencas\/otorrinolaringologicas\/desvio-de-septo-nasal\/"]}]},{"@type":"ImageObject","inLanguage":"pt-PT","@id":"https:\/\/wiki.voka.io\/pt\/doencas\/otorrinolaringologicas\/desvio-de-septo-nasal\/#primaryimage","url":"https:\/\/storage.googleapis.com\/dev_wiki_voka_io_303011\/articles\/en\/otorhinolaryngology\/nasal-septum-deviation\/nasal-septal-crest.webp","contentUrl":"https:\/\/storage.googleapis.com\/dev_wiki_voka_io_303011\/articles\/en\/otorhinolaryngology\/nasal-septum-deviation\/nasal-septal-crest.webp"},{"@type":"BreadcrumbList","@id":"https:\/\/wiki.voka.io\/pt\/doencas\/otorrinolaringologicas\/desvio-de-septo-nasal\/#breadcrumb","itemListElement":[{"@type":"ListItem","position":1,"name":"Home","item":"https:\/\/wiki.voka.io\/pt\/"},{"@type":"ListItem","position":2,"name":"Diseases posts","item":"https:\/\/wiki.voka.io\/pt\/doencas\/%diseases_category%\/"},{"@type":"ListItem","position":3,"name":"Desvio de septo: etiologia, classifica\u00e7\u00e3o, sintomas, diagn\u00f3stico e tratamento"}]},{"@type":"WebSite","@id":"https:\/\/wiki.voka.io\/pt\/#website","url":"https:\/\/wiki.voka.io\/pt\/","name":"Voka Wiki","description":"","publisher":{"@id":"https:\/\/wiki.voka.io\/pt\/#organization"},"alternateName":"Anatomy & Pathology Wiki by VOKA","potentialAction":[{"@type":"SearchAction","target":{"@type":"EntryPoint","urlTemplate":"https:\/\/wiki.voka.io\/pt\/?s={search_term_string}"},"query-input":{"@type":"PropertyValueSpecification","valueRequired":true,"valueName":"search_term_string"}}],"inLanguage":"pt-PT"},{"@type":"Organization","@id":"https:\/\/wiki.voka.io\/pt\/#organization","name":"Voka 3D Anatomy & Pathology","alternateName":"VOKA","url":"https:\/\/wiki.voka.io\/pt\/","logo":{"@type":"ImageObject","inLanguage":"pt-PT","@id":"https:\/\/wiki.voka.io\/pt\/#\/schema\/logo\/image\/","url":"https:\/\/wiki.voka.io\/wp-content\/uploads\/2025\/02\/cropped-voka-logo-1.png","contentUrl":"https:\/\/wiki.voka.io\/wp-content\/uploads\/2025\/02\/cropped-voka-logo-1.png","width":70,"height":16,"caption":"Voka 3D Anatomy & Pathology"},"image":{"@id":"https:\/\/wiki.voka.io\/pt\/#\/schema\/logo\/image\/"},"sameAs":["https:\/\/www.facebook.com\/VOKA3DAnatomyAndPathology\/","https:\/\/www.instagram.com\/voka.io\/","https:\/\/www.linkedin.com\/company\/voka-io\/","https:\/\/www.youtube.com\/channel\/UCqGGuOEpr62ScH8Pjk2q5zw\/videos","https:\/\/www.pinterest.com\/VokaAnatomyPro\/","https:\/\/www.threads.com\/@voka.io"],"description":"VOKA.io offers 3D medical animations and custom 3D modeling services. Our product, VOKA 3D Anatomy & Pathology, is a digital atlas with over 1,000 detailed 3D models of human anatomy and pathology, designed for medical education, training, and patient communication.","email":"info@voka.io","telephone":"+1 814 351 4442","legalName":"Voka 3D Anatomy & Pathology","foundingDate":"2017-02-12","naics":"541512","numberOfEmployees":{"@type":"QuantitativeValue","minValue":"51","maxValue":"200"},"publishingPrinciples":"https:\/\/wiki.voka.io\/pt\/principios-de-publicacao\/"},{"@type":"Person","@id":"https:\/\/wiki.voka.io\/pt\/#\/schema\/person\/75a01428a2e97375c0facaaeba432542","name":"Danata A.","image":{"@type":"ImageObject","inLanguage":"pt-PT","@id":"https:\/\/wiki.voka.io\/pt\/#\/schema\/person\/image\/","url":"https:\/\/secure.gravatar.com\/avatar\/17b61e87bc892ef9555b6080655463c63eb46025ed870850eaa2472678817ed6?s=96&d=mm&r=g","contentUrl":"https:\/\/secure.gravatar.com\/avatar\/17b61e87bc892ef9555b6080655463c63eb46025ed870850eaa2472678817ed6?s=96&d=mm&r=g","caption":"Danata A."}}]}},"_links":{"self":[{"href":"https:\/\/wiki.voka.io\/pt\/wp-json\/wp\/v2\/diseases_post\/1764","targetHints":{"allow":["GET"]}}],"collection":[{"href":"https:\/\/wiki.voka.io\/pt\/wp-json\/wp\/v2\/diseases_post"}],"about":[{"href":"https:\/\/wiki.voka.io\/pt\/wp-json\/wp\/v2\/types\/diseases_post"}],"author":[{"embeddable":true,"href":"https:\/\/wiki.voka.io\/pt\/wp-json\/wp\/v2\/users\/4"}],"wp:attachment":[{"href":"https:\/\/wiki.voka.io\/pt\/wp-json\/wp\/v2\/media?parent=1764"}],"wp:term":[{"taxonomy":"diseases_category","embeddable":true,"href":"https:\/\/wiki.voka.io\/pt\/wp-json\/wp\/v2\/diseases_category?post=1764"}],"curies":[{"name":"wp","href":"https:\/\/api.w.org\/{rel}","templated":true}]}}