{"id":949,"date":"2025-07-23T11:42:59","date_gmt":"2025-07-23T08:42:59","guid":{"rendered":"https:\/\/wiki.voka.io\/diseases\/uncategorized\/laringitis-cronica\/"},"modified":"2025-07-30T15:26:39","modified_gmt":"2025-07-30T12:26:39","slug":"laringitis-cronica","status":"publish","type":"diseases_post","link":"https:\/\/wiki.voka.io\/es\/enfermedades\/otorrinolaringologia\/laringitis-cronica\/","title":{"rendered":"Laringitis cr\u00f3nica: Etiolog\u00eda, clasificaci\u00f3n, diagn\u00f3stico y tratamiento"},"content":{"rendered":"<p>La <span class=\"glossary-term\" data-title=\"Laringitis\" data-tooltip=\"La laringitis es una inflamaci\u00f3n de la membrana mucosa de la laringe, que afecta con mayor frecuencia las cuerdas vocales. El s\u00edntoma principal de esta afecci\u00f3n es la alteraci\u00f3n de la funci\u00f3n vocal: ronquera (disfon\u00eda), hasta la p\u00e9rdida total de la voz (afon\u00eda).\" data-link=\"https:\/\/wiki.voka.io\/es\/glosario\/laringitis\/\">laringitis<\/span> cr\u00f3nica es un grupo de enfermedades inflamatorias persistentes de la laringe (que duran m\u00e1s de 3 semanas) causadas por una exposici\u00f3n prolongada a factores irritantes. Las formas de la enfermedad difieren en la etiolog\u00eda (causa) y la naturaleza de los cambios patomorfol\u00f3gicos de la mucosa: desde la <span class=\"glossary-term\" data-title=\"Inflamaci\u00f3n catarral\" data-tooltip=\"La inflamaci\u00f3n catarral es un tipo de inflamaci\u00f3n exudativa que se desarrolla exclusivamente en las membranas mucosas. Su caracter\u00edstica principal es la formaci\u00f3n abundante de exudado l\u00edquido, que puede ser seroso (acuoso) o mucoso, y el enrojecimiento del sitio de la inflamaci\u00f3n.\" data-link=\"https:\/\/wiki.voka.io\/es\/glosario\/inflamacion-catarral\/\">inflamaci\u00f3n catarral<\/span> hasta la <span class=\"glossary-term\" data-title=\"Hiperplasia\" data-tooltip=\"La hiperplasia es el aumento del volumen de un tejido u \u00f3rgano debido al incremento en el n\u00famero de sus elementos estructurales (c\u00e9lulas) como consecuencia de una proliferaci\u00f3n celular excesiva.\" data-link=\"https:\/\/wiki.voka.io\/es\/glosario\/hiperplasia\/\">hiperplasia<\/span> o la <span class=\"glossary-term\" data-title=\"Atrofia\" data-tooltip=\"La atrofia es una reducci\u00f3n a lo largo de la vida del tama\u00f1o de las c\u00e9lulas, tejidos u \u00f3rganos, que se acompa\u00f1a de una disminuci\u00f3n o insuficiencia de su funci\u00f3n. Se trata de un proceso adquirido, a diferencia del subdesarrollo cong\u00e9nito: hipoplasia o aplasia.\" data-link=\"https:\/\/wiki.voka.io\/es\/glosario\/atrofia\/\">atrofia<\/span>. La identificaci\u00f3n precisa de la forma determina las t\u00e1cticas de tratamiento y el pron\u00f3stico.  <\/p>\n<h2 class=\"wp-block-heading\" id=\"clasificacion\">Clasificaci\u00f3n<\/h2>\n<p>Las principales formas cl\u00ednicas, morfol\u00f3gicas y etiol\u00f3gicas de la laringitis cr\u00f3nica son:<\/p>\n<ul class=\"wp-block-list\">\n<li><strong>La laringitis catarral cr\u00f3nica<\/strong> es la forma m\u00e1s com\u00fan de inflamaci\u00f3n cr\u00f3nica de la laringe, caracterizada por una inflamaci\u00f3n persistente y moderada de la mucosa, sin atrofia ni hipertrofia;<\/li>\n<li><strong>Laringitis por reflujo<\/strong> (laringitis posterior): inflamaci\u00f3n de la mucosa de la laringe en un contexto de contenido g\u00e1strico arrojado a la laringe;<\/li>\n<li><strong>La laringitis atr\u00f3fica<\/strong> es una enfermedad inflamatoria cr\u00f3nica de la laringe, que se caracteriza por el adelgazamiento y la atrofia de la mucosa;<\/li>\n<li><strong>La laringomicosis<\/strong> es una inflamaci\u00f3n f\u00fangica de la laringe; <\/li>\n<li>La <strong>laringitis hiperpl\u00e1sica cr\u00f3nica <\/strong>es un tipo de laringitis cr\u00f3nica en la que hay un crecimiento excesivo del tejido lar\u00edngeo. <\/li>\n<\/ul>\n<h2 class=\"wp-block-heading\" id=\"laringitis-catarral-cronica\"><strong>Laringitis catarral cr\u00f3nica <\/strong><\/h2>\n<h3 class=\"wp-block-heading\" id=\"etiologia-de-la-laringitis-catarral-cronica\"><strong>Etiolog\u00eda de la laringitis catarral cr\u00f3nica<\/strong><\/h3>\n<p>La causa m\u00e1s frecuente de la laringitis catarral cr\u00f3nica es el tabaquismo, el aumento de la carga vocal, los al\u00e9rgenos. El proceso inflamatorio puede propagarse desde la <span class=\"glossary-term\" data-title=\"Nasofaringe\" data-tooltip=\"La nasofaringe (lat. pars nasalis pharyngis) es la porci\u00f3n superior de la faringe, de funci\u00f3n exclusivamente respiratoria, que consiste en una cavidad situada detr\u00e1s de la cavidad nasal y por encima del paladar blando. Superiormente, su b\u00f3veda limita con la base del cr\u00e1neo (huesos esfenoides y occipital). A diferencia de la orofaringe y la laringofaringe, la nasofaringe no participa en la degluci\u00f3n.\" data-link=\"https:\/\/wiki.voka.io\/es\/glosario\/nasofaringe\/\">nasofaringe<\/span>, la orofaringe y las v\u00edas respiratorias inferiores. La <span class=\"glossary-term\" data-title=\"Sinusitis\" data-tooltip=\"La sinusitis (del lat\u00edn \u201csinus\u201d) es una inflamaci\u00f3n de la membrana mucosa que recubre uno o m\u00e1s senos paranasales. Dado que el proceso inflamatorio casi siempre afecta la membrana mucosa de la cavidad nasal (rinitis), en la pr\u00e1ctica m\u00e9dica moderna se utiliza un t\u00e9rmino m\u00e1s preciso: rinosinusitis.\" data-link=\"https:\/\/wiki.voka.io\/es\/glosario\/sinusitis\/\">sinusitis<\/span>, rinitis, traque\u00edtis, bronquitis recurrentes pueden provocar laringitis cr\u00f3nica.   <\/p>\n<p>Las siguientes bacterias se encuentran en pacientes con laringitis cr\u00f3nica: <em>Staphylococcus aureus<\/em>, <em>Haemophilus influenza<\/em>, <em>Candida albicans<\/em>, <em>Moraxella nonliquefaciens<\/em>, <em>Neisseria meningitidis<\/em>, <em>Streptococcus pneumonia<\/em>, <em>Lactobacillus spp<\/em>, <em>Helicobacter pylori<\/em>.<\/p>\n<h3 class=\"wp-block-heading\" id=\"anatomia-de-la-laringitis-catarral-cronica\"><strong>Anatom\u00eda de la laringitis catarral cr\u00f3nica<\/strong><\/h3>\n<p>El desarrollo de una laringitis cr\u00f3nica es el resultado de una respuesta a irritantes. <\/p>\n<p>En la laringitis catarral cr\u00f3nica, el epitelio de la laringe es hiperpl\u00e1sico, se produce <span class=\"glossary-term\" data-title=\"Edema\" data-tooltip=\"El edema es una acumulaci\u00f3n excesiva de l\u00edquido en los espacios intercelulares (intersticiales) de los tejidos o en las cavidades serosas del cuerpo. Cl\u00ednicamente, se manifiesta como hinchaz\u00f3n, aumento de volumen de un \u00f3rgano o parte del cuerpo. \" data-link=\"https:\/\/wiki.voka.io\/es\/glosario\/edema\/\">edema<\/span> submucoso y catarro. La mucosa se vuelve lisa e hiper\u00e9mica Las cuerdas vocales est\u00e1n hiper\u00e9micas, engrosadas, no se cierran completamente durante la fonaci\u00f3n, hay mucosidad en los senos periformes.  <\/p>\n<h3 class=\"wp-block-heading\" id=\"cuadro-clinico-de-la-laringitis-catarral-cronica\"><strong>Cuadro cl\u00ednico de la laringitis catarral cr\u00f3nica<\/strong><\/h3>\n<p>En la laringitis catarral cr\u00f3nica, los<strong> s\u00edntomas <\/strong>principales son:<\/p>\n<ul class=\"wp-block-list\">\n<li><span class=\"glossary-term\" data-title=\"Disfon\u00eda\" data-tooltip=\"La disfon\u00eda es cualquier trastorno cualitativo de la voz que altera su tono, volumen, timbre o claridad. Este t\u00e9rmino describe una amplia gama de trastornos de la voz, desde una ronquera leve hasta una ronquera grave, siendo la forma extrema la afon\u00eda (p\u00e9rdida completa de la voz).\" data-link=\"https:\/\/wiki.voka.io\/es\/glosario\/disfonia\/\">Ronquera<\/span> de la voz, cambio en su timbre;<\/li>\n<li>Fatiga r\u00e1pida de la voz;<\/li>\n<li>Tos seca;<\/li>\n<li>Picor de garganta.<\/li>\n<\/ul>\n<h3 class=\"wp-block-heading\" id=\"diagnostico-de-la-laringitis-catarral-cronica\"><strong>Diagn\u00f3stico de la laringitis catarral cr\u00f3nica<\/strong><\/h3>\n<p>El diagn\u00f3stico se basa en los antecedentes y la exploraci\u00f3n cl\u00ednica. Dependiendo del equipamiento de la cl\u00ednica, se realiza una laringoscopia indirecta o una videoendoscopia de la laringe.  <\/p>\n<h3 class=\"wp-block-heading\" id=\"tratamiento-de-la-laringitis-catarral-cronica\"><strong>Tratamiento de la laringitis catarral cr\u00f3nica<\/strong><\/h3>\n<p>El primer paso y el m\u00e1s importante en el tratamiento de la laringitis catarral es identificar y eliminar la causa de la inflamaci\u00f3n. Se recomienda dejar de fumar y reducir la carga vocal.  <\/p>\n<p>Si la infecci\u00f3n se propaga desde las v\u00edas respiratorias superiores o inferiores, debe higienizarse el foco primario. <\/p>\n<p>Se recomiendan inhalaciones con soluciones salinas, f\u00e1rmacos antibacterianos y, si es necesario, glucocorticosteroides para controlar la inflamaci\u00f3n. <\/p>\n<h2 class=\"wp-block-heading\" id=\"laringitis-por-reflujo\"><strong>Laringitis por reflujo <\/strong><\/h2>\n<h3 class=\"wp-block-heading\" id=\"etiologia-de-la-laringitis-por-reflujo\"><strong>Etiolog\u00eda de la laringitis por reflujo<\/strong><\/h3>\n<p>En la laringitis por reflujo, el factor etiol\u00f3gico es la insuficiencia del cardias y el eflujo de \u00e1cido clorh\u00eddrico y sus vapores a las v\u00edas respiratorias altas. <\/p>\n<h3 class=\"wp-block-heading\" id=\"anatomia-de-la-laringitis-por-reflujo\"><strong>Anatom\u00eda de la laringitis por reflujo<\/strong><\/h3>\n<p>La laringitis por reflujo se caracteriza por hiperemia y edema en el espacio interescapular, acumulaci\u00f3n de moco en los senos en forma de pera. <\/p>\n<h3 class=\"wp-block-heading\" id=\"cuadro-clinico-de-la-laringitis-por-reflujo\"><strong>Cuadro cl\u00ednico de la laringitis por reflujo<\/strong><\/h3>\n<p>La laringitis por reflujo se caracteriza por los siguientes <strong>s\u00edntomas<\/strong>:<\/p>\n<ul class=\"wp-block-list\">\n<li>Un nudo en la garganta;<\/li>\n<li>Ronquera;<\/li>\n<li>Dolor detr\u00e1s del estern\u00f3n;<\/li>\n<li>Posible ardor de est\u00f3mago (aunque no es un s\u00edntoma fiable).<\/li>\n<\/ul>\n<p>Las molestias aumentan por la noche, durante el sue\u00f1o. <\/p>\n<h3 class=\"wp-block-heading\" id=\"diagnostico-de-la-laringitis-por-reflujo\"><strong>Diagn\u00f3stico de la laringitis por reflujo<\/strong><\/h3>\n<p>El diagn\u00f3stico se basa en los antecedentes y la exploraci\u00f3n cl\u00ednica. Dependiendo del equipamiento de la cl\u00ednica, se realiza una laringoscopia indirecta o una videoendoscopia de la laringe.  En caso de laringitis por reflujo, es necesario consultar a un gastroenter\u00f3logo, realizar un FGDS y una fonometr\u00eda del es\u00f3fago. <\/p>\n<h3 class=\"wp-block-heading\" id=\"tratamiento-de-la-laringitis-por-reflujo\"><strong>Tratamiento de la laringitis por reflujo<\/strong><\/h3>\n<p>En caso de laringitis por reflujo, el gastroenter\u00f3logo prescribe un tratamiento adecuado (reducci\u00f3n de la acidez del jugo g\u00e1strico). <\/p>\n<p>Para reducir la inflamaci\u00f3n de la laringe recomiendan la inhalaci\u00f3n con soluciones salinas, f\u00e1rmacos antibacterianos, si es necesario \u2013 glucocorticosteroides. <\/p>\n<h2 class=\"wp-block-heading\" id=\"laringitis-atrofica\"><strong>Laringitis atr\u00f3fica <\/strong><\/h2>\n<h3 class=\"wp-block-heading\" id=\"etiologia-de-la-laringitis-atrofica\"><strong>Etiolog\u00eda de la laringitis atr\u00f3fica<\/strong><\/h3>\n<p>La laringitis atr\u00f3fica es m\u00e1s frecuente en pacientes ancianos, con cambios hormonales (menopausia), con trabajo prolongado en condiciones nocivas (aumento del polvo, sustancias qu\u00edmicas nocivas). <\/p>\n<h3 class=\"wp-block-heading\" id=\"anatomia-de-la-laringitis-atrofica\"><strong>Anatom\u00eda de la laringitis atr\u00f3fica<\/strong><\/h3>\n<p>La laringitis atr\u00f3fica reduce el n\u00famero de gl\u00e1ndulas mucosas de la laringe. La mucosa se vuelve apergaminada, delgada, pierde brillo, se forma un moco viscoso y espeso en la superficie. Las cuerdas vocales tambi\u00e9n se adelgazan, durante la fonaci\u00f3n se cierran de forma incompleta, formando una hendidura ovalada en el centro.   <\/p>\n<h3 class=\"wp-block-heading\" id=\"cuadro-clinico-de-la-laringitis-atrofica\"><strong>Cuadro cl\u00ednico de la laringitis atr\u00f3fica<\/strong><\/h3>\n<p>La laringitis atr\u00f3fica se caracteriza por los siguientes<strong> s\u00edntomas<\/strong>:<\/p>\n<ul class=\"wp-block-list\">\n<li>Tos seca e hinchada, sudoraci\u00f3n;<\/li>\n<li>Ronquera de la voz de diversos grados, hasta afon\u00eda;<\/li>\n<li>La sensaci\u00f3n de un nudo en la garganta.<\/li>\n<\/ul>\n<h3 class=\"wp-block-heading\" id=\"diagnostico-de-la-laringitis-atrofica\"><strong>Diagn\u00f3stico de la laringitis atr\u00f3fica<\/strong><\/h3>\n<p>El diagn\u00f3stico se basa en los antecedentes y la exploraci\u00f3n cl\u00ednica. Dependiendo del equipamiento de la cl\u00ednica, se realiza una laringoscopia indirecta o una videoendoscopia de la laringe.  <\/p>\n<h3 class=\"wp-block-heading\" id=\"tratamiento-de-la-laringitis-atrofica\"><strong>Tratamiento de la laringitis atr\u00f3fica<\/strong><\/h3>\n<p>En la laringitis atr\u00f3fica se recomienda humedecer constantemente la mucosa con soluciones salinas en forma de inhalaciones o irrigaciones con soluciones oleosas. Se observa un buen efecto de la irrigaci\u00f3n de la mucosa con soluciones yodadas, cuando se aplican, en respuesta a la irritaci\u00f3n de la mucosa, se produce m\u00e1s moco.  <\/p>\n<h2 class=\"wp-block-heading\" id=\"laringomicosis\"><strong>Laringomicosis <\/strong><\/h2>\n<h3 class=\"wp-block-heading\" id=\"etiologia-de-la-laringomicosis\"><strong>Etiolog\u00eda de la laringomicosis<\/strong><\/h3>\n<p>La laringomicosis est\u00e1 causada por la cronicidad de una laringitis f\u00fangica aguda. Se desarrolla en casos de terapia no tratada o inadecuadamente seleccionada de hongos del g\u00e9nero <em>Candida<\/em>, <em>Aspergillus<\/em>, <em>Penicillium<\/em>. Se observa con m\u00e1s frecuencia en pacientes con inmunodeficiencia o que toman constantemente corticoesteroides inhalados.  <\/p>\n<h3 class=\"wp-block-heading\" id=\"anatomia-de-la-laringomicosis\"><strong>Anatom\u00eda de la laringomicosis<\/strong><\/h3>\n<p>En la laringitis f\u00fangica causada por Candida, hay dep\u00f3sitos blancos en forma de cuajada en la mucosa hiper\u00e9mica, m\u00e1s a menudo en la epiglotis. En la aspergilosis, se observan colonias de color negro en la mucosa irritada. <\/p>\n<h3 class=\"wp-block-heading\" id=\"cuadro-clinico-de-la-laringomicosis\"><strong>Cuadro cl\u00ednico de la laringomicosis <\/strong><\/h3>\n<p>En la laringomicosis se observan los siguientes<strong> s\u00edntomas<\/strong>:<\/p>\n<ul class=\"wp-block-list\">\n<li>Dificultad para tragar;<\/li>\n<li>Ronquera de la voz;<\/li>\n<li>Picor de garganta;<\/li>\n<li>Mal aliento.<\/li>\n<\/ul>\n<h3 class=\"wp-block-heading\" id=\"diagnostico-de-la-laringomicosis\"><strong>Diagn\u00f3stico de la laringomicosis<\/strong><\/h3>\n<p>El diagn\u00f3stico se basa en los antecedentes y la exploraci\u00f3n cl\u00ednica. Dependiendo del equipamiento de la cl\u00ednica, se realiza una laringoscopia indirecta o una videoendoscopia de la laringe.  Se realiza un estudio bacteriol\u00f3gico de la mucosa lar\u00edngea para identificar el agente causal y determinar la sensibilidad a los f\u00e1rmacos. <\/p>\n<h3 class=\"wp-block-heading\" id=\"tratamiento-de-la-laringomicosis\"><strong>Tratamiento de la laringomicosis<\/strong><\/h3>\n<p>Para tratar la laringitis f\u00fangica, se prescriben f\u00e1rmacos antimic\u00f3ticos t\u00f3picos o sist\u00e9micos.<\/p>\n<p>Se recomienda la inhalaci\u00f3n con soluciones salinas para humedecer la mucosa lar\u00edngea.<\/p>\n<h2 class=\"wp-block-heading\" id=\"laringitis-hiperplasica-cronica\"><strong>Laringitis hiperpl\u00e1sica cr\u00f3nica <\/strong><\/h2>\n<p>Este grupo de enfermedades incluye la laringitis hiperpl\u00e1sica com\u00fan y la laringitis edemato-polip\u00f3sica cr\u00f3nica (edema de Reinke). Sin embargo, varios autores distinguen el edema de Reinke tambi\u00e9n en las neoplasias lar\u00edngeas benignas.  <\/p>\n<h3 class=\"wp-block-heading\" id=\"etiologia-de-la-laringitis-hiperplasica-cronica\"><strong>Etiolog\u00eda de la laringitis hiperpl\u00e1sica cr\u00f3nica<\/strong><\/h3>\n<p>Este grupo de enfermedades se da predominantemente en pacientes de profesiones vocales que utilizan la voz de forma inadecuada y la sobrecargan.<\/p>\n<p>Tambi\u00e9n es frecuente en fumadores y alcoh\u00f3licos. Es menos frecuente en personas con factores de producci\u00f3n nocivos (polvo, soluciones de pintura, textiles y piel).  <\/p>\n<h3 class=\"wp-block-heading\" id=\"anatomia-de-la-laringitis-hiperplasica-cronica\"><strong>Anatom\u00eda de la laringitis hiperpl\u00e1sica cr\u00f3nica<\/strong><\/h3>\n<p>La laringitis hiperpl\u00e1sica generalizada se caracteriza por una hiperplasia masiva de la mucosa lar\u00edngea, diferentes partes de la laringe se engrosan sim\u00e9tricamente. Con mayor frecuencia, el borde libre de las cuerdas vocales, la zona del cart\u00edlago de la cucharilla, el espacio intercarpiano. Debido a los sobrecrecimientos, el lumen lar\u00edngeo puede estrecharse considerablemente. La mucosa est\u00e1 hiper\u00e9mica, abultada.    <\/p>\n<p>En la laringitis edemato-poliposa se observa un edema v\u00edtreo bilateral de todo el borde libre de las cuerdas vocales. Durante la fonaci\u00f3n no se cierran completamente, el lumen lar\u00edngeo puede estrecharse debido al sobrecrecimiento de la mucosa. <\/p>\n<figure class=\"wp-block-image size-large\"><img decoding=\"async\" src=\"https:\/\/storage.googleapis.com\/dev_wiki_voka_io_303011\/articles\/en\/otorhinolaryngology\/chronic-laryngitis\/edematous-polypoid-laryngitis.webp\" alt=\"Laringitis hinchaz\u00f3n-poliposis\"><figcaption class=\"wp-element-caption\">Laringitis edemato-polip\u00f3sica \u2013 <a href=\"https:\/\/catalog.voka.io\/en\/models\/8861ee9e-a330-4451-856d-1de6ead27805\/29429083-0e92-41ac-adf4-244625eb9e79\/91539d96-2806-45a4-bd89-d19eae4aad58\/d1c62e3e-539d-408b-acde-3a672d1273c4\" target=\"_blank\" rel=\"noreferrer noopener nofollow\">Modelo 3D<\/a><\/figcaption><\/figure>\n<h3 class=\"wp-block-heading\" id=\"cuadro-clinico-de-la-laringitis-hiperplasica-cronica\"><strong>Cuadro cl\u00ednico de la laringitis hiperpl\u00e1sica cr\u00f3nica<\/strong><\/h3>\n<p>Todas las enfermedades de este grupo se caracterizan por los siguientes <strong>s\u00edntomas<\/strong> comunes:<\/p>\n<ul class=\"wp-block-list\">\n<li>Ronquera de la voz y cambios en su timbre;<\/li>\n<li>Tos seca prolongada;<\/li>\n<li>La sensaci\u00f3n de un nudo en la garganta.<\/li>\n<\/ul>\n<p> En la hiperplasia grave, puede desarrollarse afon\u00eda o <span class=\"glossary-term\" data-title=\"Estenosis\" data-tooltip=\"La estenosis (del griego \u03c3\u03c4\u03ad\u03bd\u03c9\u03c3\u03b9\u03c2 [estrechamiento, compresi\u00f3n]) es un estrechamiento patol\u00f3gico y persistente de la luz de cualquier formaci\u00f3n anat\u00f3mica hueca (vaso sangu\u00edneo, v\u00e1lvula card\u00edaca, tracto digestivo, tracto respiratorio o canal espinal).\" data-link=\"https:\/\/wiki.voka.io\/es\/glosario\/estenosis\/\">estenosis<\/span> lar\u00edngea.<\/p>\n<h3 class=\"wp-block-heading\" id=\"diagnostico-de-la-laringitis-hiperplasica-cronica\"><strong>Diagn\u00f3stico de la laringitis hiperpl\u00e1sica cr\u00f3nica<\/strong><\/h3>\n<p>El diagn\u00f3stico se basa en los antecedentes y la exploraci\u00f3n cl\u00ednica. Dependiendo del equipamiento de la cl\u00ednica, se realiza una laringoscopia indirecta o una videoendoscopia de la laringe. <\/p>\n<figure class=\"wp-block-video\" id=\"animacion-3d-laringitis-cronica-edemato-poliposica\"><video controls><source data-src=\"https:\/\/storage.googleapis.com\/dev_wiki_voka_io_303011\/articles\/en\/otorhinolaryngology\/chronic-laryngitis\/chronic-edematous-polypoid-laryngitis.webm\" type=\"video\/webm\"><\/source><\/video><figcaption class=\"wp-element-caption\">Animaci\u00f3n 3D \u2013 Laringitis cr\u00f3nica edemato-polip\u00f3sica<\/figcaption><\/figure>\n<p>La <span class=\"glossary-term\" data-title=\"Biopsia\" data-tooltip=\"La biopsia (del griego bios \u2014 vida y opsis \u2014 mirada\/vista) es un m\u00e9todo de investigaci\u00f3n en el que se toman c\u00e9lulas o tejidos (material de biopsia) del cuerpo durante la vida con fines diagn\u00f3sticos. El material obtenido se somete a un examen microsc\u00f3pico, m\u00e1s a menudo histol\u00f3gico.\" data-link=\"https:\/\/wiki.voka.io\/es\/glosario\/biopsia\/\">biopsia<\/span> con examen histol\u00f3gico es una etapa obligatoria del tratamiento, que la mayor\u00eda de las veces se realiza intraoperatoriamente. <\/p>\n<div class=\"social-banner-block\">\n<div class=\"social-banner-content\">\n<p class=\"h5-title text-black\">Encuentra m\u00e1s contenido cient\u00edficamente preciso en nuestras redes sociales<\/p>\n<p><span class=\"social-banner-text text-grey\">Suscr\u00edbete y no te pierdas los \u00faltimos recursos<\/span><\/p>\n<div class=\"social-links-wrapper\"><a class=\"social-icon-link\" href=\"https:\/\/www.facebook.com\/VOKA3DAnatomyAndPathology\/\" target=\"_blank\" rel=\"nofollow noopener\"><img decoding=\"async\" src=\"https:\/\/storage.googleapis.com\/dev_wiki_voka_io_303011\/common\/Social%20Icons\/facebook.svg\" alt=\"social link\"><\/a><a class=\"social-icon-link\" href=\"https:\/\/www.instagram.com\/voka.io\/\" target=\"_blank\" rel=\"nofollow noopener\"><img decoding=\"async\" src=\"https:\/\/storage.googleapis.com\/dev_wiki_voka_io_303011\/common\/Social%20Icons\/insta.svg\" alt=\"social link\"><\/a><a class=\"social-icon-link\" href=\"https:\/\/www.linkedin.com\/company\/voka-io\/posts\/?feedView=all\" target=\"_blank\" rel=\"nofollow noopener\"><img decoding=\"async\" src=\"https:\/\/storage.googleapis.com\/dev_wiki_voka_io_303011\/common\/Social%20Icons\/linkedin.svg\" alt=\"social link\"><\/a><a class=\"social-icon-link\" href=\"https:\/\/www.youtube.com\/@vokaio\" target=\"_blank\" rel=\"nofollow noopener\"><img decoding=\"async\" src=\"https:\/\/storage.googleapis.com\/dev_wiki_voka_io_303011\/common\/Social%20Icons\/youtube.svg\" alt=\"social link\"><\/a><a class=\"social-icon-link\" href=\"https:\/\/www.pinterest.com\/voka3danatomyandpathology\/\" target=\"_blank\" rel=\"nofollow noopener\"><img decoding=\"async\" src=\"https:\/\/storage.googleapis.com\/dev_wiki_voka_io_303011\/common\/Social%20Icons\/pinterest.svg\" alt=\"social link\"><\/a><a class=\"social-icon-link\" href=\"https:\/\/www.tiktok.com\/@voka.io\" target=\"_blank\" rel=\"nofollow noopener\"><img decoding=\"async\" src=\"https:\/\/storage.googleapis.com\/dev_wiki_voka_io_303011\/common\/Social%20Icons\/tiktok.svg\" alt=\"social link\"><\/a><a class=\"social-icon-link\" href=\"https:\/\/discord.gg\/7ejUpq8DRR\" target=\"_blank\" rel=\"nofollow noopener\"><img decoding=\"async\" src=\"https:\/\/storage.googleapis.com\/dev_wiki_voka_io_303011\/common\/Social%20Icons\/discord.svg\" alt=\"social link\"><\/a><\/div>\n<\/div>\n<p><img decoding=\"async\" class=\"social-banner-image\" loading=\"lazy\" src=\"https:\/\/storage.googleapis.com\/dev_wiki_voka_io_303011\/common\/social-media-banner-mobile-image.webp\" alt=\"Banner background\"><\/div>\n<h3 class=\"wp-block-heading\" id=\"tratamiento-de-la-laringitis-hiperplasica-cronica\"><strong>Tratamiento de la laringitis hiperpl\u00e1sica cr\u00f3nica<\/strong><\/h3>\n<p>Inicialmente, se aconseja a todos los pacientes que descarten factores causales como el tabaco y el alcohol, el aumento de la carga vocal o los entornos de trabajo nocivos. <\/p>\n<p>Para los profesionales de la voz, se programan sesiones con foniatras. <\/p>\n<p>El tratamiento suele ser combinado, y consiste en medicaci\u00f3n y extirpaci\u00f3n quir\u00fargica. <\/p>\n<p>La terapia conservadora incluye<\/p>\n<ul class=\"wp-block-list\">\n<li><strong>Inhalaci\u00f3n<\/strong> con soluciones isot\u00f3nicas, corticosteroides, si es necesario \u2013 f\u00e1rmacos antis\u00e9pticos o antibacterianos;<\/li>\n<li><strong>Infusiones intralar\u00edngeas de<\/strong> medicamentos.<\/li>\n<\/ul>\n<p>El tratamiento quir\u00fargico consiste en la extirpaci\u00f3n mec\u00e1nica del tejido alterado, hay varias formas: <\/p>\n<ul class=\"wp-block-list\">\n<li><strong>El m\u00e9todo \u00aben fr\u00edo\u00bb<\/strong> consiste en la disecci\u00f3n de tejidos con microinstrumentos como pinzas, mordedores, microdebridadores. La ventaja de este tipo es la posibilidad de obtener material para el examen histol\u00f3gico. Los inconvenientes son el gran volumen de tejido extirpado y la posibilidad de da\u00f1ar la propia cuerda vocal, lo que provocar\u00e1 trastornos irreversibles de la voz.   <\/li>\n<li>El <strong>l\u00e1ser de CO2<\/strong> es el \u00abpatr\u00f3n oro\u00bb del tratamiento, ya que deja una superficie de herida m\u00ednima y facilita una recuperaci\u00f3n r\u00e1pida. Se recomienda realizarlo tras un examen histol\u00f3gico preliminar del tejido patol\u00f3gico (biopsia). <\/li>\n<\/ul>\n<p>Tras la extirpaci\u00f3n quir\u00fargica, se indica reposo vocal para una mejor recuperaci\u00f3n. <\/p>\n<div>\n<h2 class=\"faq-title h2-article\" id=\"faq\">FAQ<\/h2>\n<div class=\"faq-section\">\n<div class=\"faq-item faq-answer-hidden\">\n<div class=\"question-block\">\n<div class=\"faq-question\">\n<p class=\" text-black h5-title\">1. \u00bfQu\u00e9 s\u00edntomas son caracter\u00edsticos de la laringitis cr\u00f3nica?<\/p>\n<\/div>\n<div class=\"faq-answer text-main-text-color main-text-medium\">La laringitis cr\u00f3nica se manifiesta por ronquera de la voz, cambios en su timbre, fatiga r\u00e1pida de la voz, tos seca y congesti\u00f3n de garganta. Si la enfermedad dura mucho tiempo, puede desarrollarse afon\u00eda, as\u00ed como una sensaci\u00f3n de nudo en la garganta. <\/div>\n<\/div>\n<div class=\"expand-button-wrapper\"><button class=\"text-accent expand-button\">+<\/button><\/div>\n<\/div>\n<div class=\"faq-item faq-answer-hidden\">\n<div class=\"question-block\">\n<div class=\"faq-question\">\n<p class=\" text-black h5-title\">2. \u00bfCu\u00e1l puede ser la causa de la laringitis cr\u00f3nica?<\/p>\n<\/div>\n<div class=\"faq-answer text-main-text-color main-text-medium\">La causa principal de la laringitis cr\u00f3nica es el tabaquismo, el aumento de la carga vocal, la exposici\u00f3n a al\u00e9rgenos y las enfermedades inflamatorias cr\u00f3nicas de las v\u00edas respiratorias superiores. La enfermedad tambi\u00e9n puede estar asociada al reflujo del contenido g\u00e1strico. <\/div>\n<\/div>\n<div class=\"expand-button-wrapper\"><button class=\"text-accent expand-button\">+<\/button><\/div>\n<\/div>\n<div class=\"faq-item faq-answer-hidden\">\n<div class=\"question-block\">\n<div class=\"faq-question\">\n<p class=\" text-black h5-title\">3. \u00bfQu\u00e9 complicaciones puede tener la laringitis cr\u00f3nica?<\/p>\n<\/div>\n<div class=\"faq-answer text-main-text-color main-text-medium\">La laringitis cr\u00f3nica puede provocar complicaciones como afon\u00eda (p\u00e9rdida de voz), estenosis lar\u00edngea y lesiones precancerosas si no se trata durante mucho tiempo.<\/div>\n<\/div>\n<div class=\"expand-button-wrapper\"><button class=\"text-accent expand-button\">+<\/button><\/div>\n<\/div>\n<div class=\"faq-item faq-answer-hidden\">\n<div class=\"question-block\">\n<div class=\"faq-question\">\n<p class=\" text-black h5-title\">4. \u00bfQu\u00e9 directrices cl\u00ednicas existen para el tratamiento de la laringitis cr\u00f3nica?<\/p>\n<\/div>\n<div class=\"faq-answer text-main-text-color main-text-medium\">Para tratar la laringitis cr\u00f3nica, es importante dejar de fumar y reducir la carga vocal. Se recomienda un seguimiento regular con un otorrinolaring\u00f3logo, as\u00ed como inhalaciones con soluciones salinas o corticoesteroides. En caso de infecci\u00f3n bacteriana, se utilizan f\u00e1rmacos antibacterianos seg\u00fan est\u00e9 indicado. Para los profesionales de la voz, es \u00fatil la formaci\u00f3n con un foniatra.   <\/div>\n<\/div>\n<div class=\"expand-button-wrapper\"><button class=\"text-accent expand-button\">+<\/button><\/div>\n<\/div>\n<\/div>\n<p><script type=\"application\/ld+json\">\n    {\n    \"@context\": \"https:\/\/schema.org\",\n    \"@type\": \"FAQPage\",\n    \"mainEntity\": [\n        {\n            \"@type\": \"Question\",\n            \"name\": \"\u00bfQu\u00e9 s\u00edntomas son caracter\u00edsticos de la laringitis cr\u00f3nica?\",\n            \"acceptedAnswer\": {\n                \"@type\": \"Answer\",\n                \"text\": \"La laringitis cr\u00f3nica se manifiesta por ronquera de la voz, cambios en su timbre, fatiga r\u00e1pida de la voz, tos seca y congesti\u00f3n de garganta. Si la enfermedad dura mucho tiempo, puede desarrollarse afon\u00eda, as\u00ed como una sensaci\u00f3n de nudo en la garganta. \"\n            }\n        },\n        {\n            \"@type\": \"Question\",\n            \"name\": \"\u00bfCu\u00e1l puede ser la causa de la laringitis cr\u00f3nica?\",\n            \"acceptedAnswer\": {\n                \"@type\": \"Answer\",\n                \"text\": \"La causa principal de la laringitis cr\u00f3nica es el tabaquismo, el aumento de la carga vocal, la exposici\u00f3n a al\u00e9rgenos y las enfermedades inflamatorias cr\u00f3nicas de las v\u00edas respiratorias superiores. La enfermedad tambi\u00e9n puede estar asociada al reflujo del contenido g\u00e1strico. \"\n            }\n        },\n        {\n            \"@type\": \"Question\",\n            \"name\": \"\u00bfQu\u00e9 complicaciones puede tener la laringitis cr\u00f3nica?\",\n            \"acceptedAnswer\": {\n                \"@type\": \"Answer\",\n                \"text\": \"La laringitis cr\u00f3nica puede provocar complicaciones como afon\u00eda (p\u00e9rdida de voz), estenosis lar\u00edngea y lesiones precancerosas si no se trata durante mucho tiempo.\"\n            }\n        },\n        {\n            \"@type\": \"Question\",\n            \"name\": \"\u00bfQu\u00e9 directrices cl\u00ednicas existen para el tratamiento de la laringitis cr\u00f3nica?\",\n            \"acceptedAnswer\": {\n                \"@type\": \"Answer\",\n                \"text\": \"Para tratar la laringitis cr\u00f3nica, es importante dejar de fumar y reducir la carga vocal. Se recomienda un seguimiento regular con un otorrinolaring\u00f3logo, as\u00ed como inhalaciones con soluciones salinas o corticoesteroides. En caso de infecci\u00f3n bacteriana, se utilizan f\u00e1rmacos antibacterianos seg\u00fan est\u00e9 indicado. Para los profesionales de la voz, es \u00fatil la formaci\u00f3n con un foniatra.   \"\n            }\n        }\n    ]\n}<\/script><\/div>\n<div class=\"sources-list-block sources-list-hidden\" id=\"lista-de-fuentes\">\n<div class=\"sources-list-content\">\n<div class=\"sources-list-title\">\n<p class=\"small-text-bold text-black sources-list-title-text\">Lista de fuentes<\/p>\n<div class=\"sources-expand-button-wrapper-mobile\">\n<div class=\"sources-expand-button\"><svg width=\"32\" height=\"32\" viewbox=\"0 0 32 32\" fill=\"none\" xmlns=\"http:\/\/www.w3.org\/2000\/svg\"><path d=\"M8 12L16 20L24 12\" stroke=\"#8C9AAB\" stroke-width=\"2\" stroke-linecap=\"round\" stroke-linejoin=\"round\"><\/path><\/svg><\/div>\n<\/div>\n<\/div>\n<div class=\"sources-list-items\">\n<div class=\"source-item\">\n<p class=\"main-text-semibold text-black\">1.<\/p>\n<div class=\"source-item-content\">\n<p class=\"main-text-semibold text-black\">Cat\u00e1logo VOKA.  <\/p>\n<p><span class=\"small-text-medium text-grey\">https:\/\/catalog.voka.io\/ <\/span><\/div>\n<\/div>\n<div class=\"source-item\">\n<p class=\"main-text-semibold text-black\">2.<\/p>\n<div class=\"source-item-content\">\n<p class=\"main-text-semibold text-black\">Total Otolaryngology\u2014Head and Neck Surgery, Anthony P. Sclafani, Robin A. Dyleski, Michael J. Pitman, Stimson P. Schantz. Thieme Medical Publishers, Inc., 2015. ISBN 978-1-60406-646-3.<\/p>\n<\/div>\n<\/div>\n<div class=\"source-item\">\n<p class=\"main-text-semibold text-black\">3.<\/p>\n<div class=\"source-item-content\">\n<p class=\"main-text-semibold text-black\">\u0411\u0435\u0440\u0431\u043e\u043c \u0425. \u0411\u043e\u043b\u0435\u0437\u043d\u0438 \u0443\u0445\u0430, \u0433\u043e\u0440\u043b\u0430 \u0438 \u043d\u043e\u0441\u0430 \/ \u0425\u0430\u043d\u0441 \u0411\u0435\u0440\u0431\u043e\u043c, \u041e\u043b\u0438\u0432\u0435\u0440 \u041a\u0430\u0448\u043a\u0435, \u0422\u0430\u0434\u0435\u0443\u0441 \u041d\u0430\u0432\u043a\u0430, \u042d\u043d\u0434\u0440\u044e \u0421\u0432\u0438\u0444\u0442; \u043f\u0435\u0440. \u0441 \u0430\u043d\u0433\u043b. \u2013 2-\u0435 \u0438\u0437\u0434. \u2013 \u041c. : \u041c\u0415\u0414\u043f\u0440\u0435c\u0441-\u0438\u043d\u0444\u043e\u0440\u043c, 2016. \u2013 776 \u0441. : \u0438\u043b. ISBN 978-5-00030- 322-1.     <\/p>\n<\/div>\n<\/div>\n<div class=\"source-item\">\n<p class=\"main-text-semibold text-black\">4.<\/p>\n<div class=\"source-item-content\">\n<p class=\"main-text-semibold text-black\">Jett\u00e9 M. Toward an Understanding of the Pathophysiology of Chronic Laryngitis. Perspect ASHA Spec Interest Groups. 2016 Mar;1(3):14-25. doi: 10.1044\/persp1.sig3.14. Epub 2016 Mar 1. PMID: 32864454; PMCID: PMC7451247.     <\/p>\n<\/div>\n<\/div>\n<div class=\"source-item\">\n<p class=\"main-text-semibold text-black\">5.<\/p>\n<div class=\"source-item-content\">\n<p class=\"main-text-semibold text-black\">Stein DJ, Noordzij JP. Incidence of chronic laryngitis. Ann Otol Rhinol Laryngol. 2013 Dec;122(12):771-4. doi: 10.1177\/000348941312201207. PMID: 24592580.     <\/p>\n<\/div>\n<\/div>\n<div class=\"source-item\">\n<p class=\"main-text-semibold text-black\">6.<\/p>\n<div class=\"source-item-content\">\n<p class=\"main-text-semibold text-black\">Zhukhovitskaya A, Verma SP. Identification and Management of Chronic Laryngitis. Otolaryngol Clin North Am. 2019 Aug;52(4):607-616. doi: 10.1016\/j.otc.2019.03.004. Epub 2019 May 14. PMID: 31101358.      <\/p>\n<\/div>\n<\/div>\n<div class=\"source-item\">\n<p class=\"main-text-semibold text-black\">7.<\/p>\n<div class=\"source-item-content\">\n<p class=\"main-text-semibold text-black\">Gur\u0103u, P. Endoscopic approach to hyperplastic laryngeal lesions: a literature review and personal experience. Egypt J Otolaryngol 39, 124 (2023).  https:\/\/doi.org\/10.1186\/s43163-023-00490-4.<\/p>\n<\/div>\n<\/div>\n<\/div>\n<\/div>\n<div class=\"sources-expand-button-wrapper\">\n<div class=\"sources-expand-button\"><svg width=\"32\" height=\"32\" viewbox=\"0 0 32 32\" fill=\"none\" xmlns=\"http:\/\/www.w3.org\/2000\/svg\"><path d=\"M8 12L16 20L24 12\" stroke=\"#8C9AAB\" stroke-width=\"2\" stroke-linecap=\"round\" stroke-linejoin=\"round\"><\/path><\/svg><\/div>\n<\/div>\n<\/div>\n","protected":false},"excerpt":{"rendered":"<p>La laringitis cr\u00f3nica es un grupo de enfermedades inflamatorias persistentes de la laringe (que duran m\u00e1s de 3 semanas) causadas por una exposici\u00f3n prolongada a factores irritantes. Las formas de la enfermedad difieren en la etiolog\u00eda (causa) y la naturaleza de los cambios patomorfol\u00f3gicos de la mucosa: desde la inflamaci\u00f3n catarral hasta la hiperplasia o [&hellip;]<\/p>\n","protected":false},"author":4,"featured_media":0,"template":"","diseases_category":[264],"class_list":["post-949","diseases_post","type-diseases_post","status-publish","hentry","diseases_category-otorrinolaringologia"],"acf":[],"yoast_head":"<!-- This site is optimized with the Yoast SEO Premium plugin v25.0 (Yoast SEO v26.5) - https:\/\/yoast.com\/wordpress\/plugins\/seo\/ -->\n<title>Laringitis cr\u00f3nica: S\u00edntomas, causas, diagn\u00f3stico y tratamiento<\/title>\n<meta name=\"description\" content=\"La laringitis cr\u00f3nica es un grupo de enfermedades inflamatorias persistentes de la laringe. Etiolog\u00eda, s\u00edntomas, diagn\u00f3stico y tratamiento de las formas de laringitis cr\u00f3nica.\" \/>\n<meta name=\"robots\" content=\"index, follow, max-snippet:-1, max-image-preview:large, max-video-preview:-1\" \/>\n<link rel=\"canonical\" href=\"https:\/\/wiki.voka.io\/es\/enfermedades\/otorrinolaringologia\/laringitis-cronica\/\" \/>\n<meta property=\"og:locale\" content=\"es_ES\" \/>\n<meta property=\"og:type\" content=\"article\" \/>\n<meta property=\"og:title\" content=\"Laringitis cr\u00f3nica: Etiolog\u00eda, clasificaci\u00f3n, diagn\u00f3stico y tratamiento\" \/>\n<meta property=\"og:description\" content=\"La laringitis cr\u00f3nica es un grupo de enfermedades inflamatorias persistentes de la laringe. Etiolog\u00eda, s\u00edntomas, diagn\u00f3stico y tratamiento de las formas de laringitis cr\u00f3nica.\" \/>\n<meta property=\"og:url\" content=\"https:\/\/wiki.voka.io\/es\/enfermedades\/otorrinolaringologia\/laringitis-cronica\/\" \/>\n<meta property=\"og:site_name\" content=\"Voka Wiki\" \/>\n<meta property=\"article:publisher\" content=\"https:\/\/www.facebook.com\/VOKA3DAnatomyAndPathology\/\" \/>\n<meta property=\"article:modified_time\" content=\"2025-07-30T12:26:39+00:00\" \/>\n<meta property=\"og:image\" content=\"https:\/\/storage.googleapis.com\/dev_wiki_voka_io_303011\/articles\/en\/otorhinolaryngology\/chronic-laryngitis\/edematous-polypoid-laryngitis.webp\" \/>\n<meta name=\"twitter:card\" content=\"summary_large_image\" \/>\n<meta name=\"twitter:label1\" content=\"Tiempo de lectura\" \/>\n\t<meta name=\"twitter:data1\" content=\"9 minutos\" \/>\n<script type=\"application\/ld+json\" class=\"yoast-schema-graph\">{\"@context\":\"https:\/\/schema.org\",\"@graph\":[{\"@type\":\"Article\",\"@id\":\"https:\/\/wiki.voka.io\/es\/enfermedades\/otorrinolaringologia\/laringitis-cronica\/#article\",\"isPartOf\":{\"@id\":\"https:\/\/wiki.voka.io\/es\/enfermedades\/otorrinolaringologia\/laringitis-cronica\/\"},\"author\":{\"name\":\"Danata A.\",\"@id\":\"https:\/\/wiki.voka.io\/es\/#\/schema\/person\/75a01428a2e97375c0facaaeba432542\"},\"headline\":\"Laringitis cr\u00f3nica: Etiolog\u00eda, clasificaci\u00f3n, diagn\u00f3stico y tratamiento\",\"datePublished\":\"2025-07-23T08:42:59+00:00\",\"dateModified\":\"2025-07-30T12:26:39+00:00\",\"mainEntityOfPage\":{\"@id\":\"https:\/\/wiki.voka.io\/es\/enfermedades\/otorrinolaringologia\/laringitis-cronica\/\"},\"wordCount\":1819,\"publisher\":{\"@id\":\"https:\/\/wiki.voka.io\/es\/#organization\"},\"image\":{\"@id\":\"https:\/\/wiki.voka.io\/es\/enfermedades\/otorrinolaringologia\/laringitis-cronica\/#primaryimage\"},\"thumbnailUrl\":\"https:\/\/storage.googleapis.com\/dev_wiki_voka_io_303011\/articles\/en\/otorhinolaryngology\/chronic-laryngitis\/edematous-polypoid-laryngitis.webp\",\"inLanguage\":\"es\"},{\"@type\":\"WebPage\",\"@id\":\"https:\/\/wiki.voka.io\/es\/enfermedades\/otorrinolaringologia\/laringitis-cronica\/\",\"url\":\"https:\/\/wiki.voka.io\/es\/enfermedades\/otorrinolaringologia\/laringitis-cronica\/\",\"name\":\"Laringitis cr\u00f3nica: S\u00edntomas, causas, diagn\u00f3stico y tratamiento\",\"isPartOf\":{\"@id\":\"https:\/\/wiki.voka.io\/es\/#website\"},\"primaryImageOfPage\":{\"@id\":\"https:\/\/wiki.voka.io\/es\/enfermedades\/otorrinolaringologia\/laringitis-cronica\/#primaryimage\"},\"image\":{\"@id\":\"https:\/\/wiki.voka.io\/es\/enfermedades\/otorrinolaringologia\/laringitis-cronica\/#primaryimage\"},\"thumbnailUrl\":\"https:\/\/storage.googleapis.com\/dev_wiki_voka_io_303011\/articles\/en\/otorhinolaryngology\/chronic-laryngitis\/edematous-polypoid-laryngitis.webp\",\"datePublished\":\"2025-07-23T08:42:59+00:00\",\"dateModified\":\"2025-07-30T12:26:39+00:00\",\"description\":\"La laringitis cr\u00f3nica es un grupo de enfermedades inflamatorias persistentes de la laringe. Etiolog\u00eda, s\u00edntomas, diagn\u00f3stico y tratamiento de las formas de laringitis cr\u00f3nica.\",\"breadcrumb\":{\"@id\":\"https:\/\/wiki.voka.io\/es\/enfermedades\/otorrinolaringologia\/laringitis-cronica\/#breadcrumb\"},\"inLanguage\":\"es\",\"potentialAction\":[{\"@type\":\"ReadAction\",\"target\":[\"https:\/\/wiki.voka.io\/es\/enfermedades\/otorrinolaringologia\/laringitis-cronica\/\"]}]},{\"@type\":\"ImageObject\",\"inLanguage\":\"es\",\"@id\":\"https:\/\/wiki.voka.io\/es\/enfermedades\/otorrinolaringologia\/laringitis-cronica\/#primaryimage\",\"url\":\"https:\/\/storage.googleapis.com\/dev_wiki_voka_io_303011\/articles\/en\/otorhinolaryngology\/chronic-laryngitis\/edematous-polypoid-laryngitis.webp\",\"contentUrl\":\"https:\/\/storage.googleapis.com\/dev_wiki_voka_io_303011\/articles\/en\/otorhinolaryngology\/chronic-laryngitis\/edematous-polypoid-laryngitis.webp\"},{\"@type\":\"BreadcrumbList\",\"@id\":\"https:\/\/wiki.voka.io\/es\/enfermedades\/otorrinolaringologia\/laringitis-cronica\/#breadcrumb\",\"itemListElement\":[{\"@type\":\"ListItem\",\"position\":1,\"name\":\"Home\",\"item\":\"https:\/\/wiki.voka.io\/es\/\"},{\"@type\":\"ListItem\",\"position\":2,\"name\":\"Diseases posts\",\"item\":\"https:\/\/wiki.voka.io\/es\/enfermedades\/%diseases_category%\/\"},{\"@type\":\"ListItem\",\"position\":3,\"name\":\"Laringitis cr\u00f3nica: Etiolog\u00eda, clasificaci\u00f3n, diagn\u00f3stico y tratamiento\"}]},{\"@type\":\"WebSite\",\"@id\":\"https:\/\/wiki.voka.io\/es\/#website\",\"url\":\"https:\/\/wiki.voka.io\/es\/\",\"name\":\"Voka Wiki\",\"description\":\"\",\"publisher\":{\"@id\":\"https:\/\/wiki.voka.io\/es\/#organization\"},\"alternateName\":\"Anatomy & Pathology Wiki by VOKA\",\"potentialAction\":[{\"@type\":\"SearchAction\",\"target\":{\"@type\":\"EntryPoint\",\"urlTemplate\":\"https:\/\/wiki.voka.io\/es\/?s={search_term_string}\"},\"query-input\":{\"@type\":\"PropertyValueSpecification\",\"valueRequired\":true,\"valueName\":\"search_term_string\"}}],\"inLanguage\":\"es\"},{\"@type\":\"Organization\",\"@id\":\"https:\/\/wiki.voka.io\/es\/#organization\",\"name\":\"Voka 3D Anatomy & Pathology\",\"alternateName\":\"VOKA\",\"url\":\"https:\/\/wiki.voka.io\/es\/\",\"logo\":{\"@type\":\"ImageObject\",\"inLanguage\":\"es\",\"@id\":\"https:\/\/wiki.voka.io\/es\/#\/schema\/logo\/image\/\",\"url\":\"https:\/\/wiki.voka.io\/wp-content\/uploads\/2025\/02\/cropped-voka-logo-1.png\",\"contentUrl\":\"https:\/\/wiki.voka.io\/wp-content\/uploads\/2025\/02\/cropped-voka-logo-1.png\",\"width\":70,\"height\":16,\"caption\":\"Voka 3D Anatomy & Pathology\"},\"image\":{\"@id\":\"https:\/\/wiki.voka.io\/es\/#\/schema\/logo\/image\/\"},\"sameAs\":[\"https:\/\/www.facebook.com\/VOKA3DAnatomyAndPathology\/\",\"https:\/\/www.instagram.com\/voka.io\/\",\"https:\/\/www.linkedin.com\/company\/voka-io\/\",\"https:\/\/www.youtube.com\/channel\/UCqGGuOEpr62ScH8Pjk2q5zw\/videos\",\"https:\/\/www.pinterest.com\/VokaAnatomyPro\/\",\"https:\/\/www.threads.com\/@voka.io\"],\"description\":\"VOKA.io offers 3D medical animations and custom 3D modeling services. Our product, VOKA 3D Anatomy & Pathology, is a digital atlas with over 1,000 detailed 3D models of human anatomy and pathology, designed for medical education, training, and patient communication.\",\"email\":\"info@voka.io\",\"telephone\":\"+1 814 351 4442\",\"legalName\":\"Voka 3D Anatomy & Pathology\",\"foundingDate\":\"2017-02-12\",\"naics\":\"541512\",\"numberOfEmployees\":{\"@type\":\"QuantitativeValue\",\"minValue\":\"51\",\"maxValue\":\"200\"},\"publishingPrinciples\":\"https:\/\/wiki.voka.io\/es\/principios-de-publicacion\/\"},{\"@type\":\"Person\",\"@id\":\"https:\/\/wiki.voka.io\/es\/#\/schema\/person\/75a01428a2e97375c0facaaeba432542\",\"name\":\"Danata A.\",\"image\":{\"@type\":\"ImageObject\",\"inLanguage\":\"es\",\"@id\":\"https:\/\/wiki.voka.io\/es\/#\/schema\/person\/image\/\",\"url\":\"https:\/\/secure.gravatar.com\/avatar\/17b61e87bc892ef9555b6080655463c63eb46025ed870850eaa2472678817ed6?s=96&d=mm&r=g\",\"contentUrl\":\"https:\/\/secure.gravatar.com\/avatar\/17b61e87bc892ef9555b6080655463c63eb46025ed870850eaa2472678817ed6?s=96&d=mm&r=g\",\"caption\":\"Danata A.\"}}]}<\/script>\n<!-- \/ Yoast SEO Premium plugin. -->","yoast_head_json":{"title":"Laringitis cr\u00f3nica: S\u00edntomas, causas, diagn\u00f3stico y tratamiento","description":"La laringitis cr\u00f3nica es un grupo de enfermedades inflamatorias persistentes de la laringe. Etiolog\u00eda, s\u00edntomas, diagn\u00f3stico y tratamiento de las formas de laringitis cr\u00f3nica.","robots":{"index":"index","follow":"follow","max-snippet":"max-snippet:-1","max-image-preview":"max-image-preview:large","max-video-preview":"max-video-preview:-1"},"canonical":"https:\/\/wiki.voka.io\/es\/enfermedades\/otorrinolaringologia\/laringitis-cronica\/","og_locale":"es_ES","og_type":"article","og_title":"Laringitis cr\u00f3nica: Etiolog\u00eda, clasificaci\u00f3n, diagn\u00f3stico y tratamiento","og_description":"La laringitis cr\u00f3nica es un grupo de enfermedades inflamatorias persistentes de la laringe. Etiolog\u00eda, s\u00edntomas, diagn\u00f3stico y tratamiento de las formas de laringitis cr\u00f3nica.","og_url":"https:\/\/wiki.voka.io\/es\/enfermedades\/otorrinolaringologia\/laringitis-cronica\/","og_site_name":"Voka Wiki","article_publisher":"https:\/\/www.facebook.com\/VOKA3DAnatomyAndPathology\/","article_modified_time":"2025-07-30T12:26:39+00:00","og_image":[{"url":"https:\/\/storage.googleapis.com\/dev_wiki_voka_io_303011\/articles\/en\/otorhinolaryngology\/chronic-laryngitis\/edematous-polypoid-laryngitis.webp","type":"","width":"","height":""}],"twitter_card":"summary_large_image","twitter_misc":{"Tiempo de lectura":"9 minutos"},"schema":{"@context":"https:\/\/schema.org","@graph":[{"@type":"Article","@id":"https:\/\/wiki.voka.io\/es\/enfermedades\/otorrinolaringologia\/laringitis-cronica\/#article","isPartOf":{"@id":"https:\/\/wiki.voka.io\/es\/enfermedades\/otorrinolaringologia\/laringitis-cronica\/"},"author":{"name":"Danata A.","@id":"https:\/\/wiki.voka.io\/es\/#\/schema\/person\/75a01428a2e97375c0facaaeba432542"},"headline":"Laringitis cr\u00f3nica: Etiolog\u00eda, clasificaci\u00f3n, diagn\u00f3stico y tratamiento","datePublished":"2025-07-23T08:42:59+00:00","dateModified":"2025-07-30T12:26:39+00:00","mainEntityOfPage":{"@id":"https:\/\/wiki.voka.io\/es\/enfermedades\/otorrinolaringologia\/laringitis-cronica\/"},"wordCount":1819,"publisher":{"@id":"https:\/\/wiki.voka.io\/es\/#organization"},"image":{"@id":"https:\/\/wiki.voka.io\/es\/enfermedades\/otorrinolaringologia\/laringitis-cronica\/#primaryimage"},"thumbnailUrl":"https:\/\/storage.googleapis.com\/dev_wiki_voka_io_303011\/articles\/en\/otorhinolaryngology\/chronic-laryngitis\/edematous-polypoid-laryngitis.webp","inLanguage":"es"},{"@type":"WebPage","@id":"https:\/\/wiki.voka.io\/es\/enfermedades\/otorrinolaringologia\/laringitis-cronica\/","url":"https:\/\/wiki.voka.io\/es\/enfermedades\/otorrinolaringologia\/laringitis-cronica\/","name":"Laringitis cr\u00f3nica: S\u00edntomas, causas, diagn\u00f3stico y tratamiento","isPartOf":{"@id":"https:\/\/wiki.voka.io\/es\/#website"},"primaryImageOfPage":{"@id":"https:\/\/wiki.voka.io\/es\/enfermedades\/otorrinolaringologia\/laringitis-cronica\/#primaryimage"},"image":{"@id":"https:\/\/wiki.voka.io\/es\/enfermedades\/otorrinolaringologia\/laringitis-cronica\/#primaryimage"},"thumbnailUrl":"https:\/\/storage.googleapis.com\/dev_wiki_voka_io_303011\/articles\/en\/otorhinolaryngology\/chronic-laryngitis\/edematous-polypoid-laryngitis.webp","datePublished":"2025-07-23T08:42:59+00:00","dateModified":"2025-07-30T12:26:39+00:00","description":"La laringitis cr\u00f3nica es un grupo de enfermedades inflamatorias persistentes de la laringe. Etiolog\u00eda, s\u00edntomas, diagn\u00f3stico y tratamiento de las formas de laringitis cr\u00f3nica.","breadcrumb":{"@id":"https:\/\/wiki.voka.io\/es\/enfermedades\/otorrinolaringologia\/laringitis-cronica\/#breadcrumb"},"inLanguage":"es","potentialAction":[{"@type":"ReadAction","target":["https:\/\/wiki.voka.io\/es\/enfermedades\/otorrinolaringologia\/laringitis-cronica\/"]}]},{"@type":"ImageObject","inLanguage":"es","@id":"https:\/\/wiki.voka.io\/es\/enfermedades\/otorrinolaringologia\/laringitis-cronica\/#primaryimage","url":"https:\/\/storage.googleapis.com\/dev_wiki_voka_io_303011\/articles\/en\/otorhinolaryngology\/chronic-laryngitis\/edematous-polypoid-laryngitis.webp","contentUrl":"https:\/\/storage.googleapis.com\/dev_wiki_voka_io_303011\/articles\/en\/otorhinolaryngology\/chronic-laryngitis\/edematous-polypoid-laryngitis.webp"},{"@type":"BreadcrumbList","@id":"https:\/\/wiki.voka.io\/es\/enfermedades\/otorrinolaringologia\/laringitis-cronica\/#breadcrumb","itemListElement":[{"@type":"ListItem","position":1,"name":"Home","item":"https:\/\/wiki.voka.io\/es\/"},{"@type":"ListItem","position":2,"name":"Diseases posts","item":"https:\/\/wiki.voka.io\/es\/enfermedades\/%diseases_category%\/"},{"@type":"ListItem","position":3,"name":"Laringitis cr\u00f3nica: Etiolog\u00eda, clasificaci\u00f3n, diagn\u00f3stico y tratamiento"}]},{"@type":"WebSite","@id":"https:\/\/wiki.voka.io\/es\/#website","url":"https:\/\/wiki.voka.io\/es\/","name":"Voka Wiki","description":"","publisher":{"@id":"https:\/\/wiki.voka.io\/es\/#organization"},"alternateName":"Anatomy & Pathology Wiki by VOKA","potentialAction":[{"@type":"SearchAction","target":{"@type":"EntryPoint","urlTemplate":"https:\/\/wiki.voka.io\/es\/?s={search_term_string}"},"query-input":{"@type":"PropertyValueSpecification","valueRequired":true,"valueName":"search_term_string"}}],"inLanguage":"es"},{"@type":"Organization","@id":"https:\/\/wiki.voka.io\/es\/#organization","name":"Voka 3D Anatomy & Pathology","alternateName":"VOKA","url":"https:\/\/wiki.voka.io\/es\/","logo":{"@type":"ImageObject","inLanguage":"es","@id":"https:\/\/wiki.voka.io\/es\/#\/schema\/logo\/image\/","url":"https:\/\/wiki.voka.io\/wp-content\/uploads\/2025\/02\/cropped-voka-logo-1.png","contentUrl":"https:\/\/wiki.voka.io\/wp-content\/uploads\/2025\/02\/cropped-voka-logo-1.png","width":70,"height":16,"caption":"Voka 3D Anatomy & Pathology"},"image":{"@id":"https:\/\/wiki.voka.io\/es\/#\/schema\/logo\/image\/"},"sameAs":["https:\/\/www.facebook.com\/VOKA3DAnatomyAndPathology\/","https:\/\/www.instagram.com\/voka.io\/","https:\/\/www.linkedin.com\/company\/voka-io\/","https:\/\/www.youtube.com\/channel\/UCqGGuOEpr62ScH8Pjk2q5zw\/videos","https:\/\/www.pinterest.com\/VokaAnatomyPro\/","https:\/\/www.threads.com\/@voka.io"],"description":"VOKA.io offers 3D medical animations and custom 3D modeling services. Our product, VOKA 3D Anatomy & Pathology, is a digital atlas with over 1,000 detailed 3D models of human anatomy and pathology, designed for medical education, training, and patient communication.","email":"info@voka.io","telephone":"+1 814 351 4442","legalName":"Voka 3D Anatomy & Pathology","foundingDate":"2017-02-12","naics":"541512","numberOfEmployees":{"@type":"QuantitativeValue","minValue":"51","maxValue":"200"},"publishingPrinciples":"https:\/\/wiki.voka.io\/es\/principios-de-publicacion\/"},{"@type":"Person","@id":"https:\/\/wiki.voka.io\/es\/#\/schema\/person\/75a01428a2e97375c0facaaeba432542","name":"Danata A.","image":{"@type":"ImageObject","inLanguage":"es","@id":"https:\/\/wiki.voka.io\/es\/#\/schema\/person\/image\/","url":"https:\/\/secure.gravatar.com\/avatar\/17b61e87bc892ef9555b6080655463c63eb46025ed870850eaa2472678817ed6?s=96&d=mm&r=g","contentUrl":"https:\/\/secure.gravatar.com\/avatar\/17b61e87bc892ef9555b6080655463c63eb46025ed870850eaa2472678817ed6?s=96&d=mm&r=g","caption":"Danata A."}}]}},"_links":{"self":[{"href":"https:\/\/wiki.voka.io\/es\/wp-json\/wp\/v2\/diseases_post\/949","targetHints":{"allow":["GET"]}}],"collection":[{"href":"https:\/\/wiki.voka.io\/es\/wp-json\/wp\/v2\/diseases_post"}],"about":[{"href":"https:\/\/wiki.voka.io\/es\/wp-json\/wp\/v2\/types\/diseases_post"}],"author":[{"embeddable":true,"href":"https:\/\/wiki.voka.io\/es\/wp-json\/wp\/v2\/users\/4"}],"wp:attachment":[{"href":"https:\/\/wiki.voka.io\/es\/wp-json\/wp\/v2\/media?parent=949"}],"wp:term":[{"taxonomy":"diseases_category","embeddable":true,"href":"https:\/\/wiki.voka.io\/es\/wp-json\/wp\/v2\/diseases_category?post=949"}],"curies":[{"name":"wp","href":"https:\/\/api.w.org\/{rel}","templated":true}]}}